{"id":54000,"date":"2023-04-13T23:00:11","date_gmt":"2023-04-14T04:00:11","guid":{"rendered":"http:\/\/www.zonaroja.com.mx\/?p=54000"},"modified":"2023-04-13T23:04:43","modified_gmt":"2023-04-14T04:04:43","slug":"54000","status":"publish","type":"post","link":"https:\/\/zonaroja.com.mx\/?p=54000","title":{"rendered":"Gobierno de Mart\u00ednez Neri ha sido multado con 3.5 mdp, por tiradero de basura ilegal"},"content":{"rendered":"<p>Ismael Garc\u00eda M.\/Zona Roja.<\/p>\n<p>Oaxaca de Ju\u00e1rez, Oax., a 13 de abril de 2023.- Autoridades estatales han multado al ayuntamiento de Oaxaca de Ju\u00e1rez, que preside Francisco Mart\u00ednez Neri, con m\u00e1s de 3.5 millones de pesos, por el tiradero ilegal de basura en las riberas del r\u00edo \u201cAtoyac\u201d, en la parte posterior de la Central de Abasto.<\/p>\n<p>Sin embargo, el gobierno municipal apela dichas sanciones, precis\u00f3 hoy el edil, en entrevista colectiva, al remarcar que esos desechos lo tendr\u00e1n que retirar quienes los llevaron, es decir, organismos sindicales como CATEM.<\/p>\n<p>\u201cQue lo retiren quienes dejaron ah\u00ed ese dep\u00f3sito, no lo puede hacer el municipio; al municipio le cuesta mucho dinero transportar lo que ah\u00ed recaba, lo que se maneja en la ciudad, como para ir y recoger que los desechos recibieron personas que por otra parte tuvieron un ingreso, nos parece totalmente injusto\u201d, dijo.<\/p>\n<p>Abund\u00f3 que ser\u00e1 la pr\u00f3xima semana en que el Gobierno del Estado de Oaxaca dar\u00e1 a conocer el sitio donde se ubicar\u00e1 el relleno sanitario para municipios de la regi\u00f3n Valles Centrales.<\/p>\n<p>En tanto, y tras varios incendios, as\u00ed como el continuo acumulamiento de basura, el pasado martes se acord\u00f3 en la Mesa de Seguridad estatal mantener vigilancia policiaca d\u00eda y noche para evitar m\u00e1s quemas, con las que se busca disminuir los montones, para tener m\u00e1s espacio; calcul\u00f3 que hay unas ocho mil toneladas de desechos.<\/p>\n<p>\u201cQue los polic\u00edas est\u00e9n d\u00eda y noche; estamos iniciando pl\u00e1ticas con esas organizaciones, en el \u00e1nimo de que cada quien asuma su responsabilidad. Nos vamos a reunir en cinco d\u00edas y debemos tener ya un c\u00e1lculo para retirarlos.<\/p>\n<p>\u201cDebe haber sanciones, porque resulta que las sanciones llegan al municipio y el municipio es un sujeto pasivo que no puede generar eso.<\/p>\n<p>\u201cNo hemos pagado (las multas\u201d, vamos a acudir a la defensa, porque hay que resolver el problema de fondo m\u00e1s que sancionar, es muy c\u00f3modo sancionar, yo creo que hay que ir de fondo al problema, tanto las procuradur\u00edas estatal y federal\u201d, remarc\u00f3.<\/p>\n<p>Mart\u00ednez Neri precis\u00f3 que el ayuntamiento que encabeza ha recibido dos multas, una por 2.5 millones de pesos aproximadamente, y otra por poco m\u00e1s de un mill\u00f3n de pesos, que habr\u00eda aplicado la Procuradur\u00eda Estatal de Protecci\u00f3n al Ambiente.<\/p>\n<div class=\"twitter-tweet\">\n<blockquote class=\"twitter-tweet\" data-lang=\"es\">\n<p lang=\"es\" dir=\"ltr\"><a href=\"https:\/\/twitter.com\/hashtag\/%C3%9AltimoMinuto?src=hash&amp;ref_src=twsrc%5Etfw\">#\u00daltimoMinuto<\/a><br \/>Sobre la <a href=\"https:\/\/twitter.com\/hashtag\/CrisisDeLaBasura?src=hash&amp;ref_src=twsrc%5Etfw\">#CrisisDeLaBasura<\/a>, esto dijo hoy el edil <a href=\"https:\/\/twitter.com\/FMartinezNeri?ref_src=twsrc%5Etfw\">@FMartinezNeri<\/a> en entrevista:<br \/>-La organizaci\u00f3n que acumul\u00f3 ilegalmente basura en el r\u00edo \u201cAtoyac\u201d, deber\u00e1 retirarla.<br \/>-Por ese tiradero de CATEM, el <a href=\"https:\/\/twitter.com\/MunicipioOaxaca?ref_src=twsrc%5Etfw\">@MunicipioOaxaca<\/a> ha sido sancionado con m\u00e1s de 3 mdp, pero apelar\u00e1. <a href=\"https:\/\/t.co\/Va35vRt9dh\">pic.twitter.com\/Va35vRt9dh<\/a><\/p>\n<p>&mdash; Zona Roja Oaxaca (@ZonaRoja_Oaxaca) <a href=\"https:\/\/twitter.com\/ZonaRoja_Oaxaca\/status\/1646605563625877504?ref_src=twsrc%5Etfw\">13 de abril de 2023<\/a><\/p><\/blockquote>\n<\/div>\n","protected":false},"excerpt":{"rendered":"<p>Ismael Garc\u00eda M.\/Zona Roja. Oaxaca de Ju\u00e1rez, Oax., a 13 de abril de 2023.- Autoridades&hellip;<\/p>\n","protected":false},"author":2,"featured_media":54005,"comment_status":"closed","ping_status":"open","sticky":false,"template":"","format":"standard","meta":{"_lmt_disableupdate":"","_lmt_disable":"","_jetpack_memberships_contains_paid_content":false,"footnotes":""},"categories":[1],"tags":[],"class_list":["post-54000","post","type-post","status-publish","format-standard","has-post-thumbnail","hentry","category-sin-categoria"],"jetpack_featured_media_url":"https:\/\/zonaroja.com.mx\/wp-content\/uploads\/2023\/04\/Francisco-Martinez-Neri-entrevista.jpg","jetpack_sharing_enabled":true,"_links":{"self":[{"href":"https:\/\/zonaroja.com.mx\/index.php?rest_route=\/wp\/v2\/posts\/54000","targetHints":{"allow":["GET"]}}],"collection":[{"href":"https:\/\/zonaroja.com.mx\/index.php?rest_route=\/wp\/v2\/posts"}],"about":[{"href":"https:\/\/zonaroja.com.mx\/index.php?rest_route=\/wp\/v2\/types\/post"}],"author":[{"embeddable":true,"href":"https:\/\/zonaroja.com.mx\/index.php?rest_route=\/wp\/v2\/users\/2"}],"replies":[{"embeddable":true,"href":"https:\/\/zonaroja.com.mx\/index.php?rest_route=%2Fwp%2Fv2%2Fcomments&post=54000"}],"version-history":[{"count":2,"href":"https:\/\/zonaroja.com.mx\/index.php?rest_route=\/wp\/v2\/posts\/54000\/revisions"}],"predecessor-version":[{"id":54007,"href":"https:\/\/zonaroja.com.mx\/index.php?rest_route=\/wp\/v2\/posts\/54000\/revisions\/54007"}],"wp:featuredmedia":[{"embeddable":true,"href":"https:\/\/zonaroja.com.mx\/index.php?rest_route=\/wp\/v2\/media\/54005"}],"wp:attachment":[{"href":"https:\/\/zonaroja.com.mx\/index.php?rest_route=%2Fwp%2Fv2%2Fmedia&parent=54000"}],"wp:term":[{"taxonomy":"category","embeddable":true,"href":"https:\/\/zonaroja.com.mx\/index.php?rest_route=%2Fwp%2Fv2%2Fcategories&post=54000"},{"taxonomy":"post_tag","embeddable":true,"href":"https:\/\/zonaroja.com.mx\/index.php?rest_route=%2Fwp%2Fv2%2Ftags&post=54000"}],"curies":[{"name":"wp","href":"https:\/\/api.w.org\/{rel}","templated":true}]}}