{"id":54009,"date":"2023-04-14T07:52:46","date_gmt":"2023-04-14T12:52:46","guid":{"rendered":"http:\/\/www.zonaroja.com.mx\/?p=54009"},"modified":"2023-04-14T08:32:37","modified_gmt":"2023-04-14T13:32:37","slug":"54009","status":"publish","type":"post","link":"https:\/\/zonaroja.com.mx\/?p=54009","title":{"rendered":"Matan a balazos en Oaxaca a autoridad municipal, en sus oficinas"},"content":{"rendered":"<p>Ismael Garc\u00eda M.\/Zona Roja.<\/p>\n<p>Oaxaca de Ju\u00e1rez, Oax., a 14 de abril de 2023.- A unas horas de la llegad del Presidente Andr\u00e9s Manuel L\u00f3pez Obrador, la violencia criminal se increment\u00f3 en la regi\u00f3n del Istmo de Tehuantepec.<\/p>\n<p>Anoche, sujetos armados asesinaron en sus oficinas a la autoridad auxiliar de la localidad 20 de Noviembre, agencia de Polic\u00eda del municipio de San Francisco Ixhuat\u00e1n.<\/p>\n<p>La v\u00edctima fue identificada como F\u00e9lix V. C. y sus agresores lograron escapar, al parecer en una motocicleta.<\/p>\n<p>La autoridad municipal de San Francisco Ixhuat\u00e1n emiti\u00f3 un comunicado, en que conden\u00f3 el asesinato, ofreci\u00f3 apoyo para realizar las indagatorias y pidi\u00f3 a las autoridades estatales realizar todas las investigaciones necesarias para dar con el paradero de los delincuentes.<\/p>\n<p>M\u00c1S HECHOS<\/p>\n<p>Ayer tambi\u00e9n pero en la colonia El Jordan del municipio de Santo Domingo Tehuantepec, una persona fue atacada a machetazos, por un sujeto desconocido.<\/p>\n<p>La v\u00edctima respondi\u00f3 al nombre de Teodoro \u201cN\u201d y presenta una lesi\u00f3n en el cuello, por lo cual fue trasladado a un hospital.<\/p>\n<p>Mientras que la noche del mi\u00e9rcoles, autoridades municipales reportaron detonaciones de arma de fuego de grueso calibre, en Santa Mar\u00eda Petapa y en el municipio de Mat\u00edas Romero Avenda\u00f1o, sin que hubiera v\u00edctimas.<\/p>\n<p>A su vez, en la agencia de Lagunas, del municipio del El Bario La Soledad, un directivo de la empresa Cruz Azul sufri\u00f3 un atentado en su domicilio, del que sali\u00f3 ileso, y posteriormente le dejaron a la puerta un mensaje intimidatorio.<\/p>\n","protected":false},"excerpt":{"rendered":"<p>Ismael Garc\u00eda M.\/Zona Roja. Oaxaca de Ju\u00e1rez, Oax., a 14 de abril de 2023.- A&hellip;<\/p>\n","protected":false},"author":2,"featured_media":43407,"comment_status":"closed","ping_status":"open","sticky":false,"template":"","format":"standard","meta":{"_lmt_disableupdate":"","_lmt_disable":"","_jetpack_memberships_contains_paid_content":false,"footnotes":""},"categories":[109,51],"tags":[686],"class_list":["post-54009","post","type-post","status-publish","format-standard","has-post-thumbnail","hentry","category-minuto-a-minuto","category-zona-roja","tag-san-francisco-ixhuatan"],"jetpack_featured_media_url":"https:\/\/zonaroja.com.mx\/wp-content\/uploads\/2022\/07\/San-Francisco-Ixhuatan.jpeg","jetpack_sharing_enabled":true,"_links":{"self":[{"href":"https:\/\/zonaroja.com.mx\/index.php?rest_route=\/wp\/v2\/posts\/54009","targetHints":{"allow":["GET"]}}],"collection":[{"href":"https:\/\/zonaroja.com.mx\/index.php?rest_route=\/wp\/v2\/posts"}],"about":[{"href":"https:\/\/zonaroja.com.mx\/index.php?rest_route=\/wp\/v2\/types\/post"}],"author":[{"embeddable":true,"href":"https:\/\/zonaroja.com.mx\/index.php?rest_route=\/wp\/v2\/users\/2"}],"replies":[{"embeddable":true,"href":"https:\/\/zonaroja.com.mx\/index.php?rest_route=%2Fwp%2Fv2%2Fcomments&post=54009"}],"version-history":[{"count":2,"href":"https:\/\/zonaroja.com.mx\/index.php?rest_route=\/wp\/v2\/posts\/54009\/revisions"}],"predecessor-version":[{"id":54019,"href":"https:\/\/zonaroja.com.mx\/index.php?rest_route=\/wp\/v2\/posts\/54009\/revisions\/54019"}],"wp:featuredmedia":[{"embeddable":true,"href":"https:\/\/zonaroja.com.mx\/index.php?rest_route=\/wp\/v2\/media\/43407"}],"wp:attachment":[{"href":"https:\/\/zonaroja.com.mx\/index.php?rest_route=%2Fwp%2Fv2%2Fmedia&parent=54009"}],"wp:term":[{"taxonomy":"category","embeddable":true,"href":"https:\/\/zonaroja.com.mx\/index.php?rest_route=%2Fwp%2Fv2%2Fcategories&post=54009"},{"taxonomy":"post_tag","embeddable":true,"href":"https:\/\/zonaroja.com.mx\/index.php?rest_route=%2Fwp%2Fv2%2Ftags&post=54009"}],"curies":[{"name":"wp","href":"https:\/\/api.w.org\/{rel}","templated":true}]}}