{"id":5401,"date":"2019-11-03T21:07:22","date_gmt":"2019-11-04T03:07:22","guid":{"rendered":"http:\/\/www.zonaroja.com.mx\/?p=5401"},"modified":"2019-11-03T21:07:26","modified_gmt":"2019-11-04T03:07:26","slug":"ante-descenso-de-temperaturas-piden-abrigar-a-ninos-que-regresan-a-escuelas","status":"publish","type":"post","link":"https:\/\/zonaroja.com.mx\/?p=5401","title":{"rendered":"Ante descenso de temperaturas, piden abrigar a ni\u00f1os que regresan a escuelas"},"content":{"rendered":"\n<p>Redacci\u00f3n\/Zona\nRoja.<\/p>\n\n\n\n<p>Oaxaca de\nJu\u00e1rez, Oax., 3 de noviembre de 2019.- Ante el descenso de las temperaturas, as\u00ed\ncomo lluvias y vientos pronosticados por el Servicio Meteorol\u00f3gico Nacional\n(SMN), el Instituto Estatal de Educaci\u00f3n P\u00fablica de Oaxaca (IEEPO) recomend\u00f3\nabrigar a las y los ni\u00f1os que retornan a clases este lunes.<\/p>\n\n\n\n<p>En un comunicado,\nexhort\u00f3 a las madres, padres de familia y tutores a que extremen las\nprecauciones, con el objetivo de prevenir enfermedades respiratorias o\nsituaciones que los pongan en riesgo.<\/p>\n\n\n\n<p>As\u00ed tambi\u00e9n,\npidi\u00f3 a la comunidad educativa tomar medidas preventivas para el resguardo de\nlos planteles y el cuidado de la salud de las y los escolares, evitar\ncorrientes de aire en los salones de clase, e identificar a alumnos enfermos o\ncon s\u00edntomas de resfr\u00edo para canalizarlos a los servicios m\u00e9dicos.<\/p>\n\n\n\n<p>Dijo que por\nindicaciones del director general del IEEPO, Francisco \u00c1ngel Villarreal, esta\ndependencia se mantiene atenta a las condiciones climatol\u00f3gicas y a las\nindicaciones que emitan las instancias competentes como es la Coordinaci\u00f3n\nEstatal de Protecci\u00f3n Civil (CEPCO) con el objetivo de salvaguardar a la\ncomunidad educativa.<\/p>\n\n\n\n<p>Destac\u00f3 que\nen caso de ser necesario por la presencia de las intensas lluvias y fuertes\nvientos, se deber\u00e1n activar los planes internos de protecci\u00f3n civil escolar y\ncumplir con los protocolos de actuaci\u00f3n, los cuales deben de realizarse en\ncoordinaci\u00f3n con las autoridades estatales y municipales.<\/p>\n\n\n\n<p>Al respecto,\nel \u00e1rea de Protecci\u00f3n Civil y Emergencia Escolar, se mantiene en comunicaci\u00f3n\ncon CEPCO para emitir los alertamientos correspondientes y salvaguardar a la\npoblaci\u00f3n escolar y los inmuebles educativos.<\/p>\n\n\n\n<p>Ante los\ncambios de temperatura para evitar que las y los alumnos se enfermen y se\nausenten de sus actividades acad\u00e9micas, la autoridad educativa en la entidad\nsugiere permitir el uso de abrigos y chamarras aunque no sean parte del\nuniforme escolar, as\u00ed como guantes y bufandas.&nbsp;&nbsp;&nbsp;&nbsp;&nbsp;&nbsp;&nbsp;&nbsp;&nbsp;&nbsp;&nbsp;&nbsp;&nbsp; <\/p>\n\n\n\n<p>Adem\u00e1s, se\nplantean tambi\u00e9n recomendaciones generales como consumir abundantes l\u00edquidos,\nadem\u00e1s de frutas y verduras ricas en vitamina A y C, como zanahoria, papaya,\nguayaba, naranja, mandarina, lima, lim\u00f3n y pi\u00f1a.<\/p>\n\n\n\n<p>Otras\nsugerencias son evitar la entrada de aire frio a las v\u00edas respiratorias\ncubriendo la nariz y boca, as\u00ed como evitar toser y estornudar sin cubrir esas\npartes del cuerpo.<\/p>\n","protected":false},"excerpt":{"rendered":"<p>Redacci\u00f3n\/Zona Roja. Oaxaca de Ju\u00e1rez, Oax., 3 de noviembre de 2019.- Ante el descenso de&hellip;<\/p>\n","protected":false},"author":2,"featured_media":5402,"comment_status":"closed","ping_status":"open","sticky":false,"template":"","format":"standard","meta":{"_lmt_disableupdate":"","_lmt_disable":"","_jetpack_memberships_contains_paid_content":false,"footnotes":""},"categories":[109,46],"tags":[599],"class_list":["post-5401","post","type-post","status-publish","format-standard","has-post-thumbnail","hentry","category-minuto-a-minuto","category-zona-blanca","tag-instituto-estatal-de-educacion-publica-de-oaxaca"],"jetpack_featured_media_url":"https:\/\/zonaroja.com.mx\/wp-content\/uploads\/2019\/11\/1-IEEPO.jpeg","jetpack_sharing_enabled":true,"_links":{"self":[{"href":"https:\/\/zonaroja.com.mx\/index.php?rest_route=\/wp\/v2\/posts\/5401","targetHints":{"allow":["GET"]}}],"collection":[{"href":"https:\/\/zonaroja.com.mx\/index.php?rest_route=\/wp\/v2\/posts"}],"about":[{"href":"https:\/\/zonaroja.com.mx\/index.php?rest_route=\/wp\/v2\/types\/post"}],"author":[{"embeddable":true,"href":"https:\/\/zonaroja.com.mx\/index.php?rest_route=\/wp\/v2\/users\/2"}],"replies":[{"embeddable":true,"href":"https:\/\/zonaroja.com.mx\/index.php?rest_route=%2Fwp%2Fv2%2Fcomments&post=5401"}],"version-history":[{"count":1,"href":"https:\/\/zonaroja.com.mx\/index.php?rest_route=\/wp\/v2\/posts\/5401\/revisions"}],"predecessor-version":[{"id":5403,"href":"https:\/\/zonaroja.com.mx\/index.php?rest_route=\/wp\/v2\/posts\/5401\/revisions\/5403"}],"wp:featuredmedia":[{"embeddable":true,"href":"https:\/\/zonaroja.com.mx\/index.php?rest_route=\/wp\/v2\/media\/5402"}],"wp:attachment":[{"href":"https:\/\/zonaroja.com.mx\/index.php?rest_route=%2Fwp%2Fv2%2Fmedia&parent=5401"}],"wp:term":[{"taxonomy":"category","embeddable":true,"href":"https:\/\/zonaroja.com.mx\/index.php?rest_route=%2Fwp%2Fv2%2Fcategories&post=5401"},{"taxonomy":"post_tag","embeddable":true,"href":"https:\/\/zonaroja.com.mx\/index.php?rest_route=%2Fwp%2Fv2%2Ftags&post=5401"}],"curies":[{"name":"wp","href":"https:\/\/api.w.org\/{rel}","templated":true}]}}