{"id":54025,"date":"2023-04-14T11:07:54","date_gmt":"2023-04-14T16:07:54","guid":{"rendered":"http:\/\/www.zonaroja.com.mx\/?p=54025"},"modified":"2023-04-14T11:57:33","modified_gmt":"2023-04-14T16:57:33","slug":"54025","status":"publish","type":"post","link":"https:\/\/zonaroja.com.mx\/?p=54025","title":{"rendered":"Demanda Congreso de Oaxaca acciones efectivas de seguridad, ante ola de cr\u00edmenes"},"content":{"rendered":"<p>Yuridiana Sosa\/Zona Roja.<\/p>\n<p>Oaxaca de Ju\u00e1rez, Oax., a 14 de abril de 2023.- Los hechos de extrema violencia que se han registrado en la entidad, como recientemente ocurri\u00f3 en la zona metropolitana, fue motivo de un exhorto desde la 65 Legislatura local, para que el gobierno de Oaxaca y autoridades municipales ejecuten acciones para mitigar la violencia.<\/p>\n<p>Con 27 votos a favor, calificada de urgente y obvia resoluci\u00f3n, el pleno del Congreso del Estado llam\u00f3 al secretario de Gobierno, Jes\u00fas Romero; el secretario de Seguridad y Protecci\u00f3n Ciudadana, Iv\u00e1n Garc\u00eda \u00c1lvarez, y los ayuntamientos de Oaxaca de Ju\u00e1rez, Santa Luc\u00eda del Camino y Santa Cruz Xoxocotl\u00e1n a implementar estrategias efectivas de seguridad.<\/p>\n<p>La propuesta de la fracci\u00f3n del PRD enfatiz\u00f3 que la ciudadan\u00eda oaxaque\u00f1a mantiene una percepci\u00f3n de inseguridad por debajo de la media nacional, con m\u00e1s del 72 por ciento, lo que es motivo de alarma para llamar a que las autoridades del estado trabajen.<\/p>\n<p>\u201cNo se puede combatir la inseguridad s\u00f3lo con reuniones, buenos deseos y discursos\u201d, se\u00f1al\u00f3 el diputado V\u00edctor Ra\u00fal Hern\u00e1ndez L\u00f3pez, quien apunt\u00f3 que desde hace varios a\u00f1os la entidad se ha vuelto en un escenario de hechos violentos que cada vez son menos controlados por las autoridades.<\/p>\n<p>HECHOS EXTREMOS<\/p>\n<p>La localizaci\u00f3n de cuerpos descuartizados o partes de estos sobre vialidades de alta circulaci\u00f3n son parte de los m\u00e1s recientes escenarios que registra Oaxaca en situaci\u00f3n de violencia.<\/p>\n<p>Uno de ellos registrado en el municipio de Santa Cruz Xoxocotl\u00e1n, con el dep\u00f3sito de bolsas de pl\u00e1stico con restos de cuerpos humanos.<\/p>\n<p>El titular de la Secretar\u00eda de Seguridad P\u00fablica y Protecci\u00f3n Ciudadana de Oaxaca, el marino Iv\u00e1n Garc\u00eda \u00c1lvarez, atribuy\u00f3 esas acciones al C\u00e1rtel de Jalisco Nueva Generaci\u00f3n y C\u00e1rtel de Sinaloa, quienes asegur\u00f3 se han apoderado de ese municipio de la zona metropolitana.<\/p>\n<p>Pero adem\u00e1s, de forma constante se registran disparos de armas de fuego y personas heridas, de lo cual las autoridades no dan explicaciones, pero son eventos que se roban la tranquilidad de la poblaci\u00f3n.<\/p>\n<p>Otro hecho m\u00e1s se registr\u00f3 la ma\u00f1ana del lunes en el acceso al penal de Tanivet, en el municipio de Tlacolula de Matamoros, de la regi\u00f3n de Valles Centrales y localidad vecina a la zona metropolitana.<\/p>\n<p>En ese evento se localiz\u00f3 la cabeza de una persona del sexo masculino, acompa\u00f1ada de narcomensajes dirigidos a la autoridad del penal; pues, de acuerdo al secretario de Seguridad, ese sitio tambi\u00e9n era controlado por el C\u00e1rtel Jalisco.<\/p>\n<p>En medio de estos municipios se localizan los municipios de Santa Luc\u00eda del Camino y Oaxaca de Ju\u00e1rez, \u00e9ste \u00faltimo, con constantes registros de hechos de inseguridad de los que no sale exento de esos eventos.<\/p>\n<p>El fin de semana pasado familiares de una v\u00edctima culparon a la Polic\u00eda Estatal de matar al ciudadano Roberto S. C., de 18 a\u00f1os de edad, quien presuntamente perdi\u00f3 la vida al ser arrollado en su motocicleta por una patrulla de la Polic\u00eda Estatal.<\/p>\n<p>La familia acus\u00f3 que el joven fue asesinado tras una persecuci\u00f3n que finaliz\u00f3 en la carretera de las riberas del r\u00edo \u201cAtoyac\u201d, cerca del puente vial \u201cCalifornia\u201d, en jurisdicci\u00f3n de San Juan Chapultepec.<\/p>\n<p>A ese serie de hechos se suman los feminicidios en Oaxaca, que en el primes de 2023 colocaron a la entidad en primer lugar, con 10 casos, as\u00ed como que estos hechos no han cesado en meses siguientes, con un total de 49 durante la actual administraci\u00f3n de Salom\u00f3n Jara Cruz.<\/p>\n","protected":false},"excerpt":{"rendered":"<p>Yuridiana Sosa\/Zona Roja. Oaxaca de Ju\u00e1rez, Oax., a 14 de abril de 2023.- Los hechos&hellip;<\/p>\n","protected":false},"author":2,"featured_media":53854,"comment_status":"closed","ping_status":"open","sticky":false,"template":"","format":"standard","meta":{"_lmt_disableupdate":"","_lmt_disable":"","_jetpack_memberships_contains_paid_content":false,"footnotes":""},"categories":[109,47],"tags":[2743],"class_list":["post-54025","post","type-post","status-publish","format-standard","has-post-thumbnail","hentry","category-minuto-a-minuto","category-zona-gris","tag-65-legislatura-del-estado-de-oaxaca"],"jetpack_featured_media_url":"https:\/\/zonaroja.com.mx\/wp-content\/uploads\/2023\/04\/Cabeza-humana-reclusorio-Tanivet-Oaxaca.png","jetpack_sharing_enabled":true,"_links":{"self":[{"href":"https:\/\/zonaroja.com.mx\/index.php?rest_route=\/wp\/v2\/posts\/54025","targetHints":{"allow":["GET"]}}],"collection":[{"href":"https:\/\/zonaroja.com.mx\/index.php?rest_route=\/wp\/v2\/posts"}],"about":[{"href":"https:\/\/zonaroja.com.mx\/index.php?rest_route=\/wp\/v2\/types\/post"}],"author":[{"embeddable":true,"href":"https:\/\/zonaroja.com.mx\/index.php?rest_route=\/wp\/v2\/users\/2"}],"replies":[{"embeddable":true,"href":"https:\/\/zonaroja.com.mx\/index.php?rest_route=%2Fwp%2Fv2%2Fcomments&post=54025"}],"version-history":[{"count":2,"href":"https:\/\/zonaroja.com.mx\/index.php?rest_route=\/wp\/v2\/posts\/54025\/revisions"}],"predecessor-version":[{"id":54036,"href":"https:\/\/zonaroja.com.mx\/index.php?rest_route=\/wp\/v2\/posts\/54025\/revisions\/54036"}],"wp:featuredmedia":[{"embeddable":true,"href":"https:\/\/zonaroja.com.mx\/index.php?rest_route=\/wp\/v2\/media\/53854"}],"wp:attachment":[{"href":"https:\/\/zonaroja.com.mx\/index.php?rest_route=%2Fwp%2Fv2%2Fmedia&parent=54025"}],"wp:term":[{"taxonomy":"category","embeddable":true,"href":"https:\/\/zonaroja.com.mx\/index.php?rest_route=%2Fwp%2Fv2%2Fcategories&post=54025"},{"taxonomy":"post_tag","embeddable":true,"href":"https:\/\/zonaroja.com.mx\/index.php?rest_route=%2Fwp%2Fv2%2Ftags&post=54025"}],"curies":[{"name":"wp","href":"https:\/\/api.w.org\/{rel}","templated":true}]}}