{"id":54038,"date":"2023-04-14T13:55:08","date_gmt":"2023-04-14T18:55:08","guid":{"rendered":"http:\/\/www.zonaroja.com.mx\/?p=54038"},"modified":"2023-04-14T13:56:17","modified_gmt":"2023-04-14T18:56:17","slug":"cae-el-segundo-del-cartel-del-despojo-en-oaxaca-es-el-notario-jorge-m-g","status":"publish","type":"post","link":"https:\/\/zonaroja.com.mx\/?p=54038","title":{"rendered":"Cae el segundo del \u201cC\u00e1rtel del Despojo\u201d en Oaxaca; es el notario Jorge M. G."},"content":{"rendered":"\n<p>Yuridiana Sosa\/ Zona Roja.<\/p>\n\n\n\n<p>Oaxaca de Ju\u00e1rez, Oax., a 14 de abril de 2023.- Por su presunta participaci\u00f3n y comisi\u00f3n de diversos delitos en el llamado \u201cC\u00e1rtel del Despojo\u201d en Oaxaca, fue detenido por la Interpol el Notario P\u00fablico 135 Jorge M. G., en Tur\u00edn, Italia.<\/p>\n\n\n\n<p>La ma\u00f1ana de este viernes se confirm\u00f3 la noticia por parte del gobernador de Oaxaca, Salom\u00f3n Jara Cruz, y la Fiscal\u00eda General del Estado, misma que solicit\u00f3 el apoyo de la Fiscal\u00eda General de la Rep\u00fablica para el proceso internacional.<\/p>\n\n\n\n<p>Tras lo cual se inici\u00f3 el proceso de extradici\u00f3n para que Jorge A.M.G. enfrente el debido juicio en la causa penal 1324\/2022 del Juzgado de Control de Tanivet, Tlacolula. <\/p>\n\n\n\n<p>La Fiscal\u00eda de Oaxaca inform\u00f3 que tras las investigaciones del caso obtuvo la orden de aprehensi\u00f3n por los delitos de falsificaci\u00f3n de documentos, ejercicio il\u00edcito del servicio p\u00fablico y violaci\u00f3n de otras garant\u00edas.<\/p>\n\n\n\n<p>En el proceso de detenci\u00f3n, la Polic\u00eda Internacional emiti\u00f3 la ficha roja el pasado 3 de abril, bajo el n\u00famero de control A-2871\/4-2023, lo que result\u00f3 en la ubicaci\u00f3n del ex servidor p\u00fablico en Europa.<\/p>\n\n\n\n<p>Con este hecho se consuma la segunda detenci\u00f3n de uno de los presuntos involucrado en la red de despojos de propiedades durante el gobierno de Alejandro Murat Hinojosa, en la que participaban tambi\u00e9n funcionarios.<\/p>\n\n\n\n<p>Fue el pasado 9 de marzo que se confirm\u00f3 la Jorge Z. M., ex director del Instituto Catastral del Estado de Oaxaca, por el delito de ejercicio il\u00edcito del servicio p\u00fablico cometido en perjuicio de la Administraci\u00f3n P\u00fablica del Estado de Oaxaca.<\/p>\n\n\n\n<p>El caso del \u201cC\u00e1rtel del Despojo\u201d sali\u00f3 a luz en 2020 por medio de una denuncia p\u00fablica por parte la familia G\u00f3mez Conzatti, quien a su vez inici\u00f3 procesos legales en busca de la recuperaci\u00f3n de sus identidades, luego que las actas originales de nacimiento de tres hermanos fueron borradas y sustituidas con datos ap\u00f3crifos para ser despojados de sus propiedades.<\/p>\n\n\n\n<p>Caleb G\u00f3mez Conzatti, uno de los afectados, detall\u00f3 en sus redes sociales que: \u201cLos archivos del Registro Civil fueron borrados, alterados y usados en nuestra contra, suprimieron nuestras identidades con fines de despojo en beneficio del notario 135 Jorge Merlo \u2013Jorge Alberto Merlo G\u00f3mez\u201d. <\/p>\n\n\n\n<p>Durante el proceso de investigaci\u00f3n de los propios hermanos G\u00f3mez Conzatti, detectaron y denunciaron que tambi\u00e9n el \u201cC\u00e1rtel del despojo\u201d hab\u00eda suprimido la identidad de unos mil 300 comuneros en Santo Domingo Ixcatl\u00e1n en 2018 para despojarlos de sus tierras comunales.<\/p>\n\n\n\n<p>Por su parte, el gobernador Salom\u00f3n Jara Cruz, al inicio de su mandato -en diciembre de 2022- declar\u00f3 que la entrega de fiats notariales de manera irregular por otras administraciones dieron origen a las acciones ilegales del \u201cc\u00e1rtel del despojo\u201d.<\/p>\n\n\n\n<p>Al percatarse que al t\u00e9rmino de la administraci\u00f3n de Murat Hinojosa tambi\u00e9n se repartieron fiats, apunt\u00f3: \u201cNo vamos a permitir que nos enga\u00f1en, que pongan en la mesa ellos m\u00e1s fiats, si hay que revocar, se van a revocar\u201d.<\/p>\n","protected":false},"excerpt":{"rendered":"<p>Yuridiana Sosa\/ Zona Roja. Oaxaca de Ju\u00e1rez, Oax., a 14 de abril de 2023.- Por&hellip;<\/p>\n","protected":false},"author":2,"featured_media":54037,"comment_status":"closed","ping_status":"open","sticky":false,"template":"","format":"standard","meta":{"_lmt_disableupdate":"","_lmt_disable":"","_jetpack_memberships_contains_paid_content":false,"footnotes":""},"categories":[109,46],"tags":[],"class_list":["post-54038","post","type-post","status-publish","format-standard","has-post-thumbnail","hentry","category-minuto-a-minuto","category-zona-blanca"],"jetpack_featured_media_url":"https:\/\/zonaroja.com.mx\/wp-content\/uploads\/2023\/04\/img_0646.jpg","jetpack_sharing_enabled":true,"_links":{"self":[{"href":"https:\/\/zonaroja.com.mx\/index.php?rest_route=\/wp\/v2\/posts\/54038","targetHints":{"allow":["GET"]}}],"collection":[{"href":"https:\/\/zonaroja.com.mx\/index.php?rest_route=\/wp\/v2\/posts"}],"about":[{"href":"https:\/\/zonaroja.com.mx\/index.php?rest_route=\/wp\/v2\/types\/post"}],"author":[{"embeddable":true,"href":"https:\/\/zonaroja.com.mx\/index.php?rest_route=\/wp\/v2\/users\/2"}],"replies":[{"embeddable":true,"href":"https:\/\/zonaroja.com.mx\/index.php?rest_route=%2Fwp%2Fv2%2Fcomments&post=54038"}],"version-history":[{"count":1,"href":"https:\/\/zonaroja.com.mx\/index.php?rest_route=\/wp\/v2\/posts\/54038\/revisions"}],"predecessor-version":[{"id":54039,"href":"https:\/\/zonaroja.com.mx\/index.php?rest_route=\/wp\/v2\/posts\/54038\/revisions\/54039"}],"wp:featuredmedia":[{"embeddable":true,"href":"https:\/\/zonaroja.com.mx\/index.php?rest_route=\/wp\/v2\/media\/54037"}],"wp:attachment":[{"href":"https:\/\/zonaroja.com.mx\/index.php?rest_route=%2Fwp%2Fv2%2Fmedia&parent=54038"}],"wp:term":[{"taxonomy":"category","embeddable":true,"href":"https:\/\/zonaroja.com.mx\/index.php?rest_route=%2Fwp%2Fv2%2Fcategories&post=54038"},{"taxonomy":"post_tag","embeddable":true,"href":"https:\/\/zonaroja.com.mx\/index.php?rest_route=%2Fwp%2Fv2%2Ftags&post=54038"}],"curies":[{"name":"wp","href":"https:\/\/api.w.org\/{rel}","templated":true}]}}