{"id":5404,"date":"2019-11-03T21:19:15","date_gmt":"2019-11-04T03:19:15","guid":{"rendered":"http:\/\/www.zonaroja.com.mx\/?p=5404"},"modified":"2019-11-03T21:21:40","modified_gmt":"2019-11-04T03:21:40","slug":"denuncian-a-titular-de-feri-de-la-fiscalia-general-por-acoso","status":"publish","type":"post","link":"https:\/\/zonaroja.com.mx\/?p=5404","title":{"rendered":"Denuncian a titular de FERI de la Fiscal\u00eda General, por acoso"},"content":{"rendered":"\n<p>Redacci\u00f3n\/Zona\nRoja.<\/p>\n\n\n\n<p>Oaxaca de\nJu\u00e1rez, Oax., 3 de noviembre de 2019.- El director de la Fuerza Especial de\nReacci\u00f3n Inmediata (FERI), Te\u00f3filo R. C., fue denunciado por acoso sexual y\ntiene adem\u00e1s una queja en la Defensor\u00eda de los Derechos Humanos del Pueblo de\nOaxaca (DDHPO).<\/p>\n\n\n\n<p>La v\u00edctima,\nidentificada como Lucero Ayerim C. A., se\u00f1al\u00f3 que labor\u00f3 en esa corporaci\u00f3n &#8211;que\ndepende directamente del titular de la Fiscal\u00eda General del Estado, Rub\u00e9n\nVasconcelos M\u00e9ndez&#8211; por un a\u00f1o cuatro meses, tras lo cual renunci\u00f3 a finales\nde enero de este a\u00f1o.<\/p>\n\n\n\n<p>Ello debido\na que constantemente era acosada sexualmente e invitada a ingerir bebidas\nembriagantes; ante la negativa, fue enviada a trabajos extenuantes, adem\u00e1s de amenazarla\ncon hacerle da\u00f1o a ella y a su familia, en caso de que denunciara.<\/p>\n\n\n\n<p>Pese a ello,\ndecidi\u00f3 interponer su demanda ante Fiscal\u00eda Especializada para Delitos Contra\nla Mujer por Raz\u00f3n de G\u00e9nero, que abri\u00f3 el expediente 17697\/FMUJ\/USEX\/2019.<\/p>\n\n\n\n<p>Asimismo, la\nDefensor\u00eda de los Derechos Humanos inici\u00f3 el expediente de queja DDHPO\/1038(01)\/OAX\/2019.<\/p>\n","protected":false},"excerpt":{"rendered":"<p>Redacci\u00f3n\/Zona Roja. Oaxaca de Ju\u00e1rez, Oax., 3 de noviembre de 2019.- El director de la&hellip;<\/p>\n","protected":false},"author":2,"featured_media":5407,"comment_status":"closed","ping_status":"open","sticky":false,"template":"","format":"standard","meta":{"_lmt_disableupdate":"","_lmt_disable":"","_jetpack_memberships_contains_paid_content":false,"footnotes":""},"categories":[109,51],"tags":[494,301],"class_list":["post-5404","post","type-post","status-publish","format-standard","has-post-thumbnail","hentry","category-minuto-a-minuto","category-zona-roja","tag-fiscalia-general-del-estado-de-oaxaca","tag-fuerza-especial-de-reaccion-inmediata"],"jetpack_featured_media_url":"https:\/\/zonaroja.com.mx\/wp-content\/uploads\/2019\/11\/Fiscal\u00eda-General-del-Estado-2.jpg","jetpack_sharing_enabled":true,"_links":{"self":[{"href":"https:\/\/zonaroja.com.mx\/index.php?rest_route=\/wp\/v2\/posts\/5404","targetHints":{"allow":["GET"]}}],"collection":[{"href":"https:\/\/zonaroja.com.mx\/index.php?rest_route=\/wp\/v2\/posts"}],"about":[{"href":"https:\/\/zonaroja.com.mx\/index.php?rest_route=\/wp\/v2\/types\/post"}],"author":[{"embeddable":true,"href":"https:\/\/zonaroja.com.mx\/index.php?rest_route=\/wp\/v2\/users\/2"}],"replies":[{"embeddable":true,"href":"https:\/\/zonaroja.com.mx\/index.php?rest_route=%2Fwp%2Fv2%2Fcomments&post=5404"}],"version-history":[{"count":1,"href":"https:\/\/zonaroja.com.mx\/index.php?rest_route=\/wp\/v2\/posts\/5404\/revisions"}],"predecessor-version":[{"id":5406,"href":"https:\/\/zonaroja.com.mx\/index.php?rest_route=\/wp\/v2\/posts\/5404\/revisions\/5406"}],"wp:featuredmedia":[{"embeddable":true,"href":"https:\/\/zonaroja.com.mx\/index.php?rest_route=\/wp\/v2\/media\/5407"}],"wp:attachment":[{"href":"https:\/\/zonaroja.com.mx\/index.php?rest_route=%2Fwp%2Fv2%2Fmedia&parent=5404"}],"wp:term":[{"taxonomy":"category","embeddable":true,"href":"https:\/\/zonaroja.com.mx\/index.php?rest_route=%2Fwp%2Fv2%2Fcategories&post=5404"},{"taxonomy":"post_tag","embeddable":true,"href":"https:\/\/zonaroja.com.mx\/index.php?rest_route=%2Fwp%2Fv2%2Ftags&post=5404"}],"curies":[{"name":"wp","href":"https:\/\/api.w.org\/{rel}","templated":true}]}}