{"id":54042,"date":"2023-04-14T18:49:25","date_gmt":"2023-04-14T23:49:25","guid":{"rendered":"http:\/\/www.zonaroja.com.mx\/?p=54042"},"modified":"2023-04-14T18:56:12","modified_gmt":"2023-04-14T23:56:12","slug":"54042","status":"publish","type":"post","link":"https:\/\/zonaroja.com.mx\/?p=54042","title":{"rendered":"Denuncias chiapanecos amenaza de Chimalapas para dejar territorio; advierten que lo defender\u00e1n"},"content":{"rendered":"<p>Yuridiana Sosa\/Zona Roja.<\/p>\n<p>Oaxaca de Ju\u00e1rez, Oax., a 14 de abril de 2023.- Habitantes de Chiapas, que radican sobre la zona de los Chimalapas, denunciaron&nbsp;que han recibido amenazas de los comuneros oaxaque\u00f1os para que desocupen las tierras, mismas que fueron reconocidas en sentencia de la SCJN a favor de Oaxaca.<\/p>\n<p>De acuerdo con el medio local \u201cCuarto Poder\u201d de Chiapas, los chiapanecos de la zona noreste de Cintapala advirtieron que no est\u00e1n dispuestos a dejar las tierras en las que han vivido por varias d\u00e9cadas, por lo que las van a defender.<\/p>\n<p>Luego de la reforma al art\u00edculo 28 de la Constituci\u00f3n de Oaxaca por el Congreso Local, en el que se establecen los l\u00edmites con Chiapas, los pobladores de la zona comprometida del lado de Chiapas solicitaron al Jur\u00eddico de Gobierno de su estado informaci\u00f3n del proceso que seguir\u00e1n, inform\u00f3 el medio local.<\/p>\n<p>El coordinador de la zona noroeste de Cintalapa y comisariado ejidal de Rafael Cal y Mayor, Imer Jim\u00e9nez L\u00f3pez, apuntaron que est\u00e1n conscientes de la decisi\u00f3n que tom\u00f3 la Suprema Corte de Justicia de la Naci\u00f3n (SCJN) sobre los l\u00edmites interestatales, pero los comuneros de Oaxaca han mostrado una postura exigente para que desalojen las tierras.<\/p>\n<p>Refirieron que la sentencia no precisa el retiro de su&nbsp;derecho a conservar sus tierras, por lo que declararon que defender\u00e1n su territorio y responsabilizaron a las autoridades del gobierno de M\u00e9xico de lo que pueda ocurrir si no interviene a tiempo.<\/p>\n<p>Son unas 162 mil hect\u00e1reas de selva y bosque que recuper\u00f3 el estado de Oaxaca luego de m\u00e1s de cuatro d\u00e9cadas de invasi\u00f3n, tiempo en el que se establecieron decenas de nuevas comunidades.<\/p>\n<p>Por otra parte, el diputado del Congreso de Chiapas, Yamil Melgar Bravo, por Morena, asegur\u00f3 en una entrevista con \u201cCuarto Poder\u201d Chiapas que trabajan desde la Comisi\u00f3n Especial creada para atender el caso de los Chimalapas y acatar la sentencia de la SCJN.<\/p>\n<p>Sobre la desaparici\u00f3n del municipio de Belisario Dom\u00ednguez, el Congreso de Chiapas deber\u00e1 reformar su constituci\u00f3n.<\/p>\n<p>El legislador dijo que en las reuniones que llevan a cabo para atender esta problem\u00e1tica se cuenta con la participaci\u00f3n de la Secretar\u00eda de Gobernaci\u00f3n.<\/p>\n","protected":false},"excerpt":{"rendered":"<p>Yuridiana Sosa\/Zona Roja. Oaxaca de Ju\u00e1rez, Oax., a 14 de abril de 2023.- Habitantes de&hellip;<\/p>\n","protected":false},"author":2,"featured_media":53980,"comment_status":"closed","ping_status":"open","sticky":false,"template":"","format":"standard","meta":{"_lmt_disableupdate":"","_lmt_disable":"","_jetpack_memberships_contains_paid_content":false,"footnotes":""},"categories":[109,47],"tags":[2949],"class_list":["post-54042","post","type-post","status-publish","format-standard","has-post-thumbnail","hentry","category-minuto-a-minuto","category-zona-gris","tag-controversia-constitucional-chimalapas"],"jetpack_featured_media_url":"https:\/\/zonaroja.com.mx\/wp-content\/uploads\/2023\/04\/Limites-Oaxaca-Chiapas-Congreso.jpeg","jetpack_sharing_enabled":true,"_links":{"self":[{"href":"https:\/\/zonaroja.com.mx\/index.php?rest_route=\/wp\/v2\/posts\/54042","targetHints":{"allow":["GET"]}}],"collection":[{"href":"https:\/\/zonaroja.com.mx\/index.php?rest_route=\/wp\/v2\/posts"}],"about":[{"href":"https:\/\/zonaroja.com.mx\/index.php?rest_route=\/wp\/v2\/types\/post"}],"author":[{"embeddable":true,"href":"https:\/\/zonaroja.com.mx\/index.php?rest_route=\/wp\/v2\/users\/2"}],"replies":[{"embeddable":true,"href":"https:\/\/zonaroja.com.mx\/index.php?rest_route=%2Fwp%2Fv2%2Fcomments&post=54042"}],"version-history":[{"count":2,"href":"https:\/\/zonaroja.com.mx\/index.php?rest_route=\/wp\/v2\/posts\/54042\/revisions"}],"predecessor-version":[{"id":54044,"href":"https:\/\/zonaroja.com.mx\/index.php?rest_route=\/wp\/v2\/posts\/54042\/revisions\/54044"}],"wp:featuredmedia":[{"embeddable":true,"href":"https:\/\/zonaroja.com.mx\/index.php?rest_route=\/wp\/v2\/media\/53980"}],"wp:attachment":[{"href":"https:\/\/zonaroja.com.mx\/index.php?rest_route=%2Fwp%2Fv2%2Fmedia&parent=54042"}],"wp:term":[{"taxonomy":"category","embeddable":true,"href":"https:\/\/zonaroja.com.mx\/index.php?rest_route=%2Fwp%2Fv2%2Fcategories&post=54042"},{"taxonomy":"post_tag","embeddable":true,"href":"https:\/\/zonaroja.com.mx\/index.php?rest_route=%2Fwp%2Fv2%2Ftags&post=54042"}],"curies":[{"name":"wp","href":"https:\/\/api.w.org\/{rel}","templated":true}]}}