{"id":54045,"date":"2023-04-14T20:52:56","date_gmt":"2023-04-15T01:52:56","guid":{"rendered":"http:\/\/www.zonaroja.com.mx\/?p=54045"},"modified":"2023-04-14T20:53:58","modified_gmt":"2023-04-15T01:53:58","slug":"54045","status":"publish","type":"post","link":"https:\/\/zonaroja.com.mx\/?p=54045","title":{"rendered":"Reafirma v\u00edctima que diputado Pablo D\u00edaz s\u00ed particip\u00f3 en chat \u201cSierra XXX\u201d; tiene pruebas"},"content":{"rendered":"<p>Yuridiana Sosa\/Zona Roja.<\/p>\n<p>Oaxaca de Ju\u00e1rez, Oax., a 14 de abril de 2023.- Aunque el diputado por Morena Pablo D\u00edaz Jim\u00e9nez neg\u00f3 su participaci\u00f3n en chats mis\u00f3ginos y de contenido sexual contra la privacidad de mujeres, la defensora y v\u00edctima, Martha Aracely Cruz Jim\u00e9nez, refut\u00f3 a las declaraciones y mostr\u00f3 evidencias de su intervenci\u00f3n en el grupo \u201cSierra XXX\u201d.<\/p>\n<p>Tras nuevas denuncias sobre los chats por parte de las v\u00edctimas y de colectivos, en las que tambi\u00e9n se\u00f1alaron a D\u00edaz Jim\u00e9nez- familiar de Donato Vargas Jim\u00e9nez y uno de los principales participantes- &nbsp;el legislador se defendi\u00f3.<\/p>\n<p>\u201cNo tengo nada que ver. Conf\u00edo que la Fiscal\u00eda haga su trabajo\u201d, \u201cNos est\u00e1n queriendo embarrar en un tema que no nos corresponde\u201d, indic\u00f3 el diputado, quien dijo estar dispuesto a comparecer ante cualquier autoridad para aclarar el caso.<\/p>\n<p>Sin embargo, Martha Aracely Cruz comparti\u00f3 evidencias de que D\u00edaz Jim\u00e9nez se mostraba activo en el grupo, enviando im\u00e1genes de mujeres y haciendo comentarios de burla y mis\u00f3ginos de ella misma por su lucha legal contra Donato Vargas por violencia intrafamiliar.<\/p>\n<p>\u201cNo comparto cosas m\u00e1s fuertes, pero ah\u00ed estaba, que la Fiscal\u00eda revise ese grupo para que nos digan, quienes m\u00e1s estaban\u201d, se\u00f1al\u00f3 la mujer al compartir una captura de pantalla de uno de los mensajes que envi\u00f3 Pablo D\u00edaz en su contra en dicho grupo.<\/p>\n<p>En diciembre de 2022, Aracely Cruz, expres\u00f3 que el diputado por el Distrito X \u2013Pablo D\u00edaz- la llamaba y exhib\u00eda en los grupos como \u201cMartha terror\u201d, lo que la motiv\u00f3 a desistir de la denuncia p\u00fablica de su caso.<\/p>\n<p>\u201cEn ese momento me dio mucha pena que las personas pensaran que estaba \u2018loca\u00b4 porque el actual diputado del distrito X me dec\u00eda Martha terror, termin\u00e9 bloqueando a muchas personas conocidas, hoy me atrevo a denunciar los abusos de los que fui objeto, sin mencionar su nombre y el acoso es terrible, con el mismo miedo de hace un a\u00f1o aqu\u00ed sigo\u201d, public\u00f3 la mujer.<\/p>\n<div class=\"twitter-tweet\">\n<blockquote class=\"twitter-tweet\" data-lang=\"es\">\n<p lang=\"qme\" dir=\"ltr\"> <a href=\"https:\/\/t.co\/2sMGZy0OoG\">pic.twitter.com\/2sMGZy0OoG<\/a><\/p>\n<p>&mdash; Aracely Cruz (@MAracely_Cruz) <a href=\"https:\/\/twitter.com\/MAracely_Cruz\/status\/1646537423164170240?ref_src=twsrc%5Etfw\">13 de abril de 2023<\/a><\/p><\/blockquote>\n<\/div>\n","protected":false},"excerpt":{"rendered":"<p>Yuridiana Sosa\/Zona Roja. Oaxaca de Ju\u00e1rez, Oax., a 14 de abril de 2023.- Aunque el&hellip;<\/p>\n","protected":false},"author":2,"featured_media":54046,"comment_status":"closed","ping_status":"open","sticky":false,"template":"","format":"standard","meta":{"_lmt_disableupdate":"","_lmt_disable":"","_jetpack_memberships_contains_paid_content":false,"footnotes":""},"categories":[109,47],"tags":[3502,3506],"class_list":["post-54045","post","type-post","status-publish","format-standard","has-post-thumbnail","hentry","category-minuto-a-minuto","category-zona-gris","tag-donato-vargas-jimenez","tag-pablo-diaz-jimenez"],"jetpack_featured_media_url":"https:\/\/zonaroja.com.mx\/wp-content\/uploads\/2023\/04\/Diputado-Pablo-Diaz-Jimenez-Morena.jpg","jetpack_sharing_enabled":true,"_links":{"self":[{"href":"https:\/\/zonaroja.com.mx\/index.php?rest_route=\/wp\/v2\/posts\/54045","targetHints":{"allow":["GET"]}}],"collection":[{"href":"https:\/\/zonaroja.com.mx\/index.php?rest_route=\/wp\/v2\/posts"}],"about":[{"href":"https:\/\/zonaroja.com.mx\/index.php?rest_route=\/wp\/v2\/types\/post"}],"author":[{"embeddable":true,"href":"https:\/\/zonaroja.com.mx\/index.php?rest_route=\/wp\/v2\/users\/2"}],"replies":[{"embeddable":true,"href":"https:\/\/zonaroja.com.mx\/index.php?rest_route=%2Fwp%2Fv2%2Fcomments&post=54045"}],"version-history":[{"count":2,"href":"https:\/\/zonaroja.com.mx\/index.php?rest_route=\/wp\/v2\/posts\/54045\/revisions"}],"predecessor-version":[{"id":54048,"href":"https:\/\/zonaroja.com.mx\/index.php?rest_route=\/wp\/v2\/posts\/54045\/revisions\/54048"}],"wp:featuredmedia":[{"embeddable":true,"href":"https:\/\/zonaroja.com.mx\/index.php?rest_route=\/wp\/v2\/media\/54046"}],"wp:attachment":[{"href":"https:\/\/zonaroja.com.mx\/index.php?rest_route=%2Fwp%2Fv2%2Fmedia&parent=54045"}],"wp:term":[{"taxonomy":"category","embeddable":true,"href":"https:\/\/zonaroja.com.mx\/index.php?rest_route=%2Fwp%2Fv2%2Fcategories&post=54045"},{"taxonomy":"post_tag","embeddable":true,"href":"https:\/\/zonaroja.com.mx\/index.php?rest_route=%2Fwp%2Fv2%2Ftags&post=54045"}],"curies":[{"name":"wp","href":"https:\/\/api.w.org\/{rel}","templated":true}]}}