{"id":54049,"date":"2023-04-14T21:45:23","date_gmt":"2023-04-15T02:45:23","guid":{"rendered":"http:\/\/www.zonaroja.com.mx\/?p=54049"},"modified":"2023-04-15T09:07:50","modified_gmt":"2023-04-15T14:07:50","slug":"54049","status":"publish","type":"post","link":"https:\/\/zonaroja.com.mx\/?p=54049","title":{"rendered":"Renuncia a militancia del PRI, con convicci\u00f3n y valores: Mariana Ben\u00edtez"},"content":{"rendered":"<p>Redacci\u00f3n\/Zona Roja.<\/p>\n<p>Oaxaca de Ju\u00e1rez, Oax., a 14 de abril de 2023.- La decisi\u00f3n de renunciar a la militancia del PRI fue precedida de un proceso de reflexi\u00f3n genuino \u201cy congruente con mis valores y mis convicciones\u201d, inform\u00f3 la diputada Mariana Ben\u00edtez Tiburcio.<\/p>\n<p>En un comunicado, detall\u00f3 que tiene la claridad de que la pol\u00edtica es un instrumento que debe estar al servicio de las mejores causas, la que corresponda a los m\u00e1s altos anhelos de la gente y debe ser \u00fatil para seguir construyendo un pa\u00eds de leyes, de justicia social y cuya aspiraci\u00f3n primigenia sea la de garantizar las libertades y derechos de hombres y mujeres por igual.<\/p>\n<p>\u201cPor m\u00e1s de 15 a\u00f1os ejerc\u00ed con dignidad, responsabilidad y honorabilidad mi militancia. Tuve el enorme privilegio de ejercer cargos de alta responsabilidad en el servicio p\u00fablico, cargos de elecci\u00f3n popular federal y local y cargos partidistas, oportunidad que retribu\u00ed al Partido con mi trabajo profesional, honesto y comprometido\u201d, expuso.<\/p>\n<p>En su misiva dada a conocer la ma\u00f1ana de este viernes, la representante popular en la 65 Legislatura precis\u00f3:<\/p>\n<p>\u201cEn la vida de cada persona, hay ciclos y momentos. Mi ciclo como militante del PRI, se ha agotado. Mis sue\u00f1os y convicciones me llevan a seguir construyendo un M\u00e9xico posible para las ni\u00f1as, j\u00f3venes y mujeres, donde las agendas de derechos a\u00fan pendientes para mi g\u00e9nero, deben trascender las fronteras de la militancia a los partidos pol\u00edticos, pues varios de ellos siguen sin entender a\u00fan que la causa de las mujeres es mucho m\u00e1s grande que cualquier otro compromiso.<\/p>\n<div class=\"twitter-tweet\">\n<blockquote class=\"twitter-tweet\" data-lang=\"es\">\n<p lang=\"es\" dir=\"ltr\">Estoy convencida de que las decisiones esculpen nuestro destino. Hoy, decid\u00ed apegarme a mi misi\u00f3n como mujer y activista de nuestros derechos. Agradecida y orgullosa de mi pasado; comprometida e ilusionada con el futuro. Comparto a la opini\u00f3n p\u00fablica el siguiente comunicado. <a href=\"https:\/\/t.co\/PQWDMiUnFB\">pic.twitter.com\/PQWDMiUnFB<\/a><\/p>\n<p>&mdash; Mariana Ben\u00edtez (@marianabenitezt) <a href=\"https:\/\/twitter.com\/marianabenitezt\/status\/1646918672013819907?ref_src=twsrc%5Etfw\">14 de abril de 2023<\/a><\/p><\/blockquote>\n<\/div>\n<p>\u201cMe voy agradecida con l\u00edderes y lideresas de los comit\u00e9s municipales, estatales y sectores y organizaciones con quienes a lo largo de mi trayectoria partidista nacional y estatal tuve la oportunidad de trabajar siempre a favor de nuestro pa\u00eds\u00bb.<\/p>\n<p>Indic\u00f3 que seguir\u00e1 ejerciendo con responsabilidad su encargo como legisladora en el Congreso del estado de Oaxaca, \u201ccomo hasta ahora lo he hecho y a partir de ahora, construir\u00e9 un espacio plural de encuentro y convergencia de anhelos e intereses con mujeres de todo el pa\u00eds, con experiencias pol\u00edticas, sociales y ciudadanas plurales.<\/p>\n<p>\u00abQuienes creemos firmemente que es tiempo de que los liderazgos femeninos que han emergido, se consoliden y asuman los espacios de la m\u00e1s alta responsabilidad p\u00fablica, teniendo como base una agenda que se construya a partir de las conversaciones posibles con miles de mexicanas de todas las comunidades, municipios, entidades federativas y regiones de nuestro pa\u00eds y que responda en forma genuina a las demandas, anhelos y urgentes reclamos que millones de mujeres hemos hecho hist\u00f3ricamente. Es el momento. Es el tiempo de las mujeres\u201d.<\/p>\n<p>La ex legisladora federal y ex funcionaria de la Procuradur\u00eda General de la Rep\u00fablica consider\u00f3 que no tiene contemplado por ahora sumarse a otro partido pol\u00edtico, sino continuar con su activismo a favor de las mujeres, desde el Poder Legislativo local y desde la sociedad civil.<\/p>\n","protected":false},"excerpt":{"rendered":"<p>Redacci\u00f3n\/Zona Roja. Oaxaca de Ju\u00e1rez, Oax., a 14 de abril de 2023.- La decisi\u00f3n de&hellip;<\/p>\n","protected":false},"author":2,"featured_media":53401,"comment_status":"closed","ping_status":"open","sticky":false,"template":"","format":"standard","meta":{"_lmt_disableupdate":"","_lmt_disable":"","_jetpack_memberships_contains_paid_content":false,"footnotes":""},"categories":[109,46],"tags":[2969],"class_list":["post-54049","post","type-post","status-publish","format-standard","has-post-thumbnail","hentry","category-minuto-a-minuto","category-zona-blanca","tag-mariana-benitez-tiburcio"],"jetpack_featured_media_url":"https:\/\/zonaroja.com.mx\/wp-content\/uploads\/2023\/03\/mariana-benitez-t.jpg","jetpack_sharing_enabled":true,"_links":{"self":[{"href":"https:\/\/zonaroja.com.mx\/index.php?rest_route=\/wp\/v2\/posts\/54049","targetHints":{"allow":["GET"]}}],"collection":[{"href":"https:\/\/zonaroja.com.mx\/index.php?rest_route=\/wp\/v2\/posts"}],"about":[{"href":"https:\/\/zonaroja.com.mx\/index.php?rest_route=\/wp\/v2\/types\/post"}],"author":[{"embeddable":true,"href":"https:\/\/zonaroja.com.mx\/index.php?rest_route=\/wp\/v2\/users\/2"}],"replies":[{"embeddable":true,"href":"https:\/\/zonaroja.com.mx\/index.php?rest_route=%2Fwp%2Fv2%2Fcomments&post=54049"}],"version-history":[{"count":2,"href":"https:\/\/zonaroja.com.mx\/index.php?rest_route=\/wp\/v2\/posts\/54049\/revisions"}],"predecessor-version":[{"id":54051,"href":"https:\/\/zonaroja.com.mx\/index.php?rest_route=\/wp\/v2\/posts\/54049\/revisions\/54051"}],"wp:featuredmedia":[{"embeddable":true,"href":"https:\/\/zonaroja.com.mx\/index.php?rest_route=\/wp\/v2\/media\/53401"}],"wp:attachment":[{"href":"https:\/\/zonaroja.com.mx\/index.php?rest_route=%2Fwp%2Fv2%2Fmedia&parent=54049"}],"wp:term":[{"taxonomy":"category","embeddable":true,"href":"https:\/\/zonaroja.com.mx\/index.php?rest_route=%2Fwp%2Fv2%2Fcategories&post=54049"},{"taxonomy":"post_tag","embeddable":true,"href":"https:\/\/zonaroja.com.mx\/index.php?rest_route=%2Fwp%2Fv2%2Ftags&post=54049"}],"curies":[{"name":"wp","href":"https:\/\/api.w.org\/{rel}","templated":true}]}}