{"id":54052,"date":"2023-04-14T23:26:32","date_gmt":"2023-04-15T04:26:32","guid":{"rendered":"http:\/\/www.zonaroja.com.mx\/?p=54052"},"modified":"2023-04-14T23:33:31","modified_gmt":"2023-04-15T04:33:31","slug":"54052","status":"publish","type":"post","link":"https:\/\/zonaroja.com.mx\/?p=54052","title":{"rendered":"Acuden los tres poderes de Oaxaca a Chimalapas, para\u00a0instalar Comit\u00e9 de Coordinaci\u00f3n"},"content":{"rendered":"<p>Redacci\u00f3n\/Zona Roja.<\/p>\n<p>Oaxaca de Ju\u00e1rez, Oax., a 14 de abril de 2023.- Los titulares y representantes de los tres poderes del Estado acudieron hoy a Santa Mar\u00eda Chimalapa, para instalar el Comit\u00e9 de Coordinaci\u00f3n para el Cumplimiento de la Sentencia de la Controversia Constitucional sobre los l\u00edmites territoriales entre Oaxaca y Chiapas.<\/p>\n<p>Mediante ello, el Gobierno de Oaxaca trabajar\u00e1 de la mano con los municipios de Santa Mar\u00eda y San Miguel Chimalapa hasta la conclusi\u00f3n de los objetivos de esta resoluci\u00f3n, se inform\u00f3 en un comunicado.<\/p>\n<p>La reuni\u00f3n fue presidida por el gobernador Salom\u00f3n Jara Cruz, con la presencia del titular del Poder Judicial, magistrado Eduardo Pinacho S\u00e1nchez, y el presidente de la Junta de Coordinaci\u00f3n Pol\u00edtica de la 65 Legislatura, Luis Alfonso Silva Romo.<\/p>\n<p>\u00abHasta ahora han caminado por su cuenta como pueblo; pero ya no est\u00e1n solos, ser\u00e1n acompa\u00f1ados por este Gobierno hermano del pueblo y para el pueblo\u00bb, afirm\u00f3 el titular de la Gubernatura de Oaxaca, en este encuentro realizado a unos d\u00edas de la reforma al Art\u00edculo 28 de la Constituci\u00f3n Pol\u00edtica del Estado Libre y Soberano de Oaxaca, la cual restituye 162 mil hect\u00e1reas al pueblo zoque.<\/p>\n<p>Ante esta coyuntura hist\u00f3rica por la que ambos pueblos han atravesado a lo largo de m\u00e1s de cinco d\u00e9cadas, el mandatario oaxaque\u00f1o reconoci\u00f3 su lucha en la defensa de las tierras comunales, el respeto a los l\u00edmites territoriales del estado y por la conservaci\u00f3n del medio ambiente, del pulm\u00f3n m\u00e1s importante de M\u00e9xico.<\/p>\n<p>Expres\u00f3 que la reforma Constitucional aprobada por unanimidad en la diputaci\u00f3n local ya se encuentra publicada en el Peri\u00f3dico Oficial del Estado de Oaxaca, lo que representa un avance de manera jur\u00eddica y legal en cumplimiento a la sentenciado de la Suprema Corte de Justicia de la Naci\u00f3n.<\/p>\n<p>\u00abCon la instalaci\u00f3n formal de este Comit\u00e9 de Coordinaci\u00f3n damos un mensaje de trabajo y de unidad, y ratificamos el compromiso de nuestro Gobierno con el mandato de la Suprema Corte y con el respeto a los derechos de nuestras comunidades\u00bb, se\u00f1al\u00f3.<\/p>\n<div class=\"twitter-tweet\">\n<blockquote class=\"twitter-tweet\" data-lang=\"es\">\n<p lang=\"es\" dir=\"ltr\">En Santa Mar\u00eda Chimalapa, Oaxaca, se encuentran hoy los tres poderes del Estado, representados por <a href=\"https:\/\/twitter.com\/salomonj?ref_src=twsrc%5Etfw\">@salomonj<\/a>, Eduardo Pinacho S\u00e1nchez, del <a href=\"https:\/\/twitter.com\/tsjoaxaca?ref_src=twsrc%5Etfw\">@tsjoaxaca<\/a>, y <a href=\"https:\/\/twitter.com\/LUISALFONSOSR?ref_src=twsrc%5Etfw\">@luisalfonsosr<\/a>, del <a href=\"https:\/\/twitter.com\/CongresoOaxaca_?ref_src=twsrc%5Etfw\">@CongresoOaxaca_<\/a>.<br \/>Ello para instalar el Comit\u00e9 de Coordinaci\u00f3n para el Cumplimiento de la Sentencia de la\u2026 <a href=\"https:\/\/t.co\/zwJ3K1FAp1\">pic.twitter.com\/zwJ3K1FAp1<\/a><\/p>\n<p>&mdash; Zona Roja Oaxaca (@ZonaRoja_Oaxaca) <a href=\"https:\/\/twitter.com\/ZonaRoja_Oaxaca\/status\/1646991418530107392?ref_src=twsrc%5Etfw\">14 de abril de 2023<\/a><\/p><\/blockquote>\n<\/div>\n<p>Abund\u00f3 que este d\u00eda no solo se instala el Comit\u00e9\u0301 de Coordinaci\u00f3n para el cumplimiento de la sentencia de la controversia constitucional n\u00famero 121\/2012, sino que tambi\u00e9n se realiza su primera sesi\u00f3n y se anuncia detalladamente la propuesta de programa de trabajo.<\/p>\n<p>Entre las acciones inmediatas, asever\u00f3 que buscar\u00e1n dar inicio al trabajo de delimitaci\u00f3n para la instalaci\u00f3n de las mojoneras de la paz, conforme a lo que resolvi\u00f3 la Corte respecto de los l\u00edmites entre Oaxaca y Chiapas. \u00abCon ello sembraremos las semillas de la paz y la gobernabilidad\u201d.<\/p>\n<p>Tambi\u00e9n, se impartir\u00e1n talleres participativos para el fortalecimiento de la organizaci\u00f3n comunal y agraria, mediante la actualizaci\u00f3n del padr\u00f3n de comuneros, estatuto comunal y \u00e1reas destinadas voluntariamente a la conservaci\u00f3n.<\/p>\n<p>ENCUENTRO HIST\u00d3RICO<\/p>\n<p>En su oportunidad, el presidente municipal de Santa Mar\u00eda Chimalapa, Abel Antonio Guzm\u00e1n, calific\u00f3 c\u00f3mo hist\u00f3rico este encuentro y la voluntad del Gobierno de Oaxaca para una defensa eficaz del territorio, que implique de manera clara y contundente las peticiones de justicia agraria, social, ambiental y de servicios en ambas localidades.<\/p>\n<p>Asimismo, a nombre de los pueblos y comunidades originarias de San Miguel y Santa Mar\u00eda Chimalapa, el Comisariado de Bienes Comunales, Zosimo Hern\u00e1ndez L\u00f3pez agradeci\u00f3 la intervenci\u00f3n del Gobernador Salom\u00f3n Jara para sumarse, junto a los Chimalapas, en la defensa de su territorio y resarcir as\u00ed los da\u00f1os por invasiones y despojos recurrentes y sistem\u00e1ticos que sufrieron&nbsp; las comunidades, las cuales por muchos a\u00f1os fueron marginadas del desarrollo, neg\u00e1ndoles el derecho a la salud, educaci\u00f3n, comunicaci\u00f3n e infraestructura productiva.<\/p>\n","protected":false},"excerpt":{"rendered":"<p>Redacci\u00f3n\/Zona Roja. Oaxaca de Ju\u00e1rez, Oax., a 14 de abril de 2023.- Los titulares y&hellip;<\/p>\n","protected":false},"author":2,"featured_media":54053,"comment_status":"closed","ping_status":"open","sticky":false,"template":"","format":"standard","meta":{"_lmt_disableupdate":"","_lmt_disable":"","_jetpack_memberships_contains_paid_content":false,"footnotes":""},"categories":[109,46],"tags":[2949,939],"class_list":["post-54052","post","type-post","status-publish","format-standard","has-post-thumbnail","hentry","category-minuto-a-minuto","category-zona-blanca","tag-controversia-constitucional-chimalapas","tag-salomon-jara-cruz"],"jetpack_featured_media_url":"https:\/\/zonaroja.com.mx\/wp-content\/uploads\/2023\/04\/FOTO-1-Con-dialogo-y-conciliacion-avanzaremos-hacia-la-paz-y-el-bienestar-para-los-Chimalapas-Gobernador-Salomon-Jara.jpeg","jetpack_sharing_enabled":true,"_links":{"self":[{"href":"https:\/\/zonaroja.com.mx\/index.php?rest_route=\/wp\/v2\/posts\/54052","targetHints":{"allow":["GET"]}}],"collection":[{"href":"https:\/\/zonaroja.com.mx\/index.php?rest_route=\/wp\/v2\/posts"}],"about":[{"href":"https:\/\/zonaroja.com.mx\/index.php?rest_route=\/wp\/v2\/types\/post"}],"author":[{"embeddable":true,"href":"https:\/\/zonaroja.com.mx\/index.php?rest_route=\/wp\/v2\/users\/2"}],"replies":[{"embeddable":true,"href":"https:\/\/zonaroja.com.mx\/index.php?rest_route=%2Fwp%2Fv2%2Fcomments&post=54052"}],"version-history":[{"count":2,"href":"https:\/\/zonaroja.com.mx\/index.php?rest_route=\/wp\/v2\/posts\/54052\/revisions"}],"predecessor-version":[{"id":54055,"href":"https:\/\/zonaroja.com.mx\/index.php?rest_route=\/wp\/v2\/posts\/54052\/revisions\/54055"}],"wp:featuredmedia":[{"embeddable":true,"href":"https:\/\/zonaroja.com.mx\/index.php?rest_route=\/wp\/v2\/media\/54053"}],"wp:attachment":[{"href":"https:\/\/zonaroja.com.mx\/index.php?rest_route=%2Fwp%2Fv2%2Fmedia&parent=54052"}],"wp:term":[{"taxonomy":"category","embeddable":true,"href":"https:\/\/zonaroja.com.mx\/index.php?rest_route=%2Fwp%2Fv2%2Fcategories&post=54052"},{"taxonomy":"post_tag","embeddable":true,"href":"https:\/\/zonaroja.com.mx\/index.php?rest_route=%2Fwp%2Fv2%2Ftags&post=54052"}],"curies":[{"name":"wp","href":"https:\/\/api.w.org\/{rel}","templated":true}]}}