{"id":54059,"date":"2023-04-15T09:30:41","date_gmt":"2023-04-15T14:30:41","guid":{"rendered":"http:\/\/www.zonaroja.com.mx\/?p=54059"},"modified":"2023-04-15T10:22:44","modified_gmt":"2023-04-15T15:22:44","slug":"54059","status":"publish","type":"post","link":"https:\/\/zonaroja.com.mx\/?p=54059","title":{"rendered":"Siguen desaparecidos en Tuxtepec madre de familia y su abogado"},"content":{"rendered":"<p>Yuridiana Sosa\/Zona Roja.<\/p>\n<p>Oaxaca de Ju\u00e1rez, Oax., a 14 de abril de 2023.- Desde el pasado 11 de abril, el abogado Emmanuel Santiago D\u00e1vila y su clienta, Teresa de Jes\u00fas Miguel Regules, desaparecieron luego de acudir presuntamente a tr\u00e1mites legales a la Vicefiscal\u00eda Regional de la Cuenca, que se encuentra en el Centro de Justicia de San Juan Bautista Tuxtepec.<\/p>\n<p>Familiares de ambos levantaron la denuncia correspondiente a sus desapariciones y por lo que la Unidad de B\u00fasqueda de Personas No Localizadas emiti\u00f3 las fichas de b\u00fasqueda para cada uno.<\/p>\n<p>De acuerdo con los primeros reportes, abogada y clienta asistieron al Centro de Justicia en la colonia Granada; tras ello se dirigir\u00edan al municipio vecino de San Felipe Jalapa de D\u00edaz, pero nunca llegaron, previo ello se perdi\u00f3 comunicaci\u00f3n con ambos.<\/p>\n<p>La ficha de b\u00fasqueda se\u00f1ala que tanto Emmanuel Santiago D\u00e1vila, de 34 a\u00f1os, y Teresa de Jes\u00fas Miguel Regules, de 29 a\u00f1os, fueron vistos por \u00faltima vez el 11 de abril en la colonia Las Margaritas de Tuxtepec.<\/p>\n<p>Viajaban a bordo de un veh\u00edculo Volkswagen tipo Jetta, modelo 2013 de color rojo, con placas YSB-334-A del estado de Veracruz.<\/p>\n<p>Ella es madre de dos hijos, al momento de su desaparici\u00f3n vest\u00eda una blusa negra con flores (girasoles) amarillas y un pantal\u00f3n de mezclilla de color azul claro y zapatos; Tiene un tatuaje de un rostro con flores en la pierna izquierda y otro del personaje \u201cbomb\u00f3n\u201d, de las Chipas S\u00faper Poderosas en el brazo derecho.<\/p>\n<p>El abogado vest\u00eda camisa a cuadros color azul, rojo y blanco, pantal\u00f3n de mezclilla color azul y calzado tipo choclos color caf\u00e9; tiene una perforaci\u00f3n en la ceja izquierda y una cicatriz en la mejilla del mismo lado.<\/p>\n","protected":false},"excerpt":{"rendered":"<p>Yuridiana Sosa\/Zona Roja. Oaxaca de Ju\u00e1rez, Oax., a 14 de abril de 2023.- Desde el&hellip;<\/p>\n","protected":false},"author":2,"featured_media":54061,"comment_status":"closed","ping_status":"open","sticky":false,"template":"","format":"standard","meta":{"_lmt_disableupdate":"","_lmt_disable":"","_jetpack_memberships_contains_paid_content":false,"footnotes":""},"categories":[109,47],"tags":[455],"class_list":["post-54059","post","type-post","status-publish","format-standard","has-post-thumbnail","hentry","category-minuto-a-minuto","category-zona-gris","tag-mujeres-desaparecidas-oaxaca"],"jetpack_featured_media_url":"https:\/\/zonaroja.com.mx\/wp-content\/uploads\/2023\/04\/Desaparecidos-Tuxtepec.jpg","jetpack_sharing_enabled":true,"_links":{"self":[{"href":"https:\/\/zonaroja.com.mx\/index.php?rest_route=\/wp\/v2\/posts\/54059","targetHints":{"allow":["GET"]}}],"collection":[{"href":"https:\/\/zonaroja.com.mx\/index.php?rest_route=\/wp\/v2\/posts"}],"about":[{"href":"https:\/\/zonaroja.com.mx\/index.php?rest_route=\/wp\/v2\/types\/post"}],"author":[{"embeddable":true,"href":"https:\/\/zonaroja.com.mx\/index.php?rest_route=\/wp\/v2\/users\/2"}],"replies":[{"embeddable":true,"href":"https:\/\/zonaroja.com.mx\/index.php?rest_route=%2Fwp%2Fv2%2Fcomments&post=54059"}],"version-history":[{"count":2,"href":"https:\/\/zonaroja.com.mx\/index.php?rest_route=\/wp\/v2\/posts\/54059\/revisions"}],"predecessor-version":[{"id":54096,"href":"https:\/\/zonaroja.com.mx\/index.php?rest_route=\/wp\/v2\/posts\/54059\/revisions\/54096"}],"wp:featuredmedia":[{"embeddable":true,"href":"https:\/\/zonaroja.com.mx\/index.php?rest_route=\/wp\/v2\/media\/54061"}],"wp:attachment":[{"href":"https:\/\/zonaroja.com.mx\/index.php?rest_route=%2Fwp%2Fv2%2Fmedia&parent=54059"}],"wp:term":[{"taxonomy":"category","embeddable":true,"href":"https:\/\/zonaroja.com.mx\/index.php?rest_route=%2Fwp%2Fv2%2Fcategories&post=54059"},{"taxonomy":"post_tag","embeddable":true,"href":"https:\/\/zonaroja.com.mx\/index.php?rest_route=%2Fwp%2Fv2%2Ftags&post=54059"}],"curies":[{"name":"wp","href":"https:\/\/api.w.org\/{rel}","templated":true}]}}