{"id":54065,"date":"2023-04-16T10:30:00","date_gmt":"2023-04-16T15:30:00","guid":{"rendered":"http:\/\/www.zonaroja.com.mx\/?p=54065"},"modified":"2023-04-15T11:12:34","modified_gmt":"2023-04-15T16:12:34","slug":"54065","status":"publish","type":"post","link":"https:\/\/zonaroja.com.mx\/?p=54065","title":{"rendered":"Pierde gobernador de Oaxaca 1.6% de aprobaci\u00f3n en marzo"},"content":{"rendered":"<p>Redacci\u00f3n\/Estado 20. Foto: Virgilio Luis.<\/p>\n<p>Oaxaca de Ju\u00e1rez, Oax., 16 de abril de 2022.- El gobernador, Salom\u00f3n Jara Cruz perdi\u00f3 1.6 por ciento de aprobaci\u00f3n en marzo pasado, luego de su cuarto mes al frente del Poder Ejecutivo del estado de Oaxaca, de acuerdo con una medici\u00f3n elaborada por Consulta Mitofsky.<\/p>\n<p>La empresa de encuestas y an\u00e1lisis pol\u00edtico report\u00f3 que el 44.6 por ciento de la poblaci\u00f3n se manifest\u00f3 en contra de las pol\u00edticas p\u00fablicas implementadas por Jara desde su llegada al poder, en diciembre de 2022; sin embargo, otro 51.4 por ciento se pronunci\u00f3 a favor de las acciones del mandatario de Morena.<\/p>\n<p>Mitofsky indic\u00f3, tambi\u00e9n, que otro cuatro por ciento de la poblaci\u00f3n consultada no supo dar una respuesta, ya sea aprobatoria o desaprobatoria.<\/p>\n<p>En febrero de 2023, 53 por ciento de los ciudadanos que accedieron a responder la encuesta, aprobaron la gesti\u00f3n del morenista, una cifra que se redujo a 51.4 en marzo.<\/p>\n<p>El gobernador mejor rankeado en marzo fue Miguel Riquelme, de Coahuila (PRI), con 62.6 por ciento de aprobaci\u00f3n, seguido de Rub\u00e9n Rocha Moya, de Sinaloa (Morena), con 61.8, y Ricardo Gallardo Corona de San Luis Potos\u00ed (Partido Verde), con 61.6 por ciento.<\/p>\n<p>En sentido opuesto, los peores calificados fueron David Monreal \u00c1vila de Zacatecas (Morena), en \u00faltimo lugar, con el 33 por ciento de aprobaci\u00f3n; \u00cdndira Vizca\u00edno, de Colima (Morena), con el 37.3 por ciento en el puesto 31 y Evelyn Salgado Pineda, de Guerrero (Morena), con 42.4 por ciento de aprobaci\u00f3n.<\/p>\n","protected":false},"excerpt":{"rendered":"<p>Redacci\u00f3n\/Estado 20. Foto: Virgilio Luis. Oaxaca de Ju\u00e1rez, Oax., 16 de abril de 2022.- El&hellip;<\/p>\n","protected":false},"author":2,"featured_media":54066,"comment_status":"closed","ping_status":"open","sticky":false,"template":"","format":"standard","meta":{"_lmt_disableupdate":"","_lmt_disable":"","_jetpack_memberships_contains_paid_content":false,"footnotes":""},"categories":[109,47],"tags":[939],"class_list":["post-54065","post","type-post","status-publish","format-standard","has-post-thumbnail","hentry","category-minuto-a-minuto","category-zona-gris","tag-salomon-jara-cruz"],"jetpack_featured_media_url":"https:\/\/zonaroja.com.mx\/wp-content\/uploads\/2023\/04\/Salomon-Jara-Cruz.Foto-Virgilio-Luisjpeg.jpeg","jetpack_sharing_enabled":true,"_links":{"self":[{"href":"https:\/\/zonaroja.com.mx\/index.php?rest_route=\/wp\/v2\/posts\/54065","targetHints":{"allow":["GET"]}}],"collection":[{"href":"https:\/\/zonaroja.com.mx\/index.php?rest_route=\/wp\/v2\/posts"}],"about":[{"href":"https:\/\/zonaroja.com.mx\/index.php?rest_route=\/wp\/v2\/types\/post"}],"author":[{"embeddable":true,"href":"https:\/\/zonaroja.com.mx\/index.php?rest_route=\/wp\/v2\/users\/2"}],"replies":[{"embeddable":true,"href":"https:\/\/zonaroja.com.mx\/index.php?rest_route=%2Fwp%2Fv2%2Fcomments&post=54065"}],"version-history":[{"count":2,"href":"https:\/\/zonaroja.com.mx\/index.php?rest_route=\/wp\/v2\/posts\/54065\/revisions"}],"predecessor-version":[{"id":54098,"href":"https:\/\/zonaroja.com.mx\/index.php?rest_route=\/wp\/v2\/posts\/54065\/revisions\/54098"}],"wp:featuredmedia":[{"embeddable":true,"href":"https:\/\/zonaroja.com.mx\/index.php?rest_route=\/wp\/v2\/media\/54066"}],"wp:attachment":[{"href":"https:\/\/zonaroja.com.mx\/index.php?rest_route=%2Fwp%2Fv2%2Fmedia&parent=54065"}],"wp:term":[{"taxonomy":"category","embeddable":true,"href":"https:\/\/zonaroja.com.mx\/index.php?rest_route=%2Fwp%2Fv2%2Fcategories&post=54065"},{"taxonomy":"post_tag","embeddable":true,"href":"https:\/\/zonaroja.com.mx\/index.php?rest_route=%2Fwp%2Fv2%2Ftags&post=54065"}],"curies":[{"name":"wp","href":"https:\/\/api.w.org\/{rel}","templated":true}]}}