{"id":54068,"date":"2023-04-16T13:00:42","date_gmt":"2023-04-16T18:00:42","guid":{"rendered":"http:\/\/www.zonaroja.com.mx\/?p=54068"},"modified":"2023-04-16T08:02:58","modified_gmt":"2023-04-16T13:02:58","slug":"54068","status":"publish","type":"post","link":"https:\/\/zonaroja.com.mx\/?p=54068","title":{"rendered":"Farid Acevedo, el presunto \u201cfacturero\u201d de la 4T en Oaxaca"},"content":{"rendered":"<p>Redacci\u00f3n\/Zona Roja Cdmx.<\/p>\n<p>Ciudad de M\u00e9xico, a 16 de abril de 2023.- El secretario de Finanzas de Oaxaca, Farid Acevedo L\u00f3pez, se ha convertido en una de las piezas claves de la 4T en la entidad; sin embargo, ha sido se\u00f1alado de \u201cfacturero\u201d y evasor del fisco a trav\u00e9s de sus empresas Ideas Estrat\u00e9gicas de Negocios de Antequera S.C y Face Fuente Administrativa Del Centenario S.A de C.V.<\/p>\n<p>El funcionario se ha &#8216;blindado&#8217; para evitar denuncias en su contra al colocar a personas cercanas en posiciones clave en el gobierno de Salom\u00f3n Jara, pero ha sido evidenciado a trav\u00e9s de redes sociales por cuentas de Twitter de medios locales, quienes han seguido su trayectoria desde edil de San Pablo Huitzo a funcionario del gobierno estatal.<\/p>\n<p>A trav\u00e9s de una denuncia an\u00f3nima, se acus\u00f3 Acevedo L\u00f3pez de construir al menos un par de gasolineras en dicho municipio, ubicado a unos 30 minutos de la capital oaxaque\u00f1a, para emitir facturas y auto-vender el combustible a las autoridades locales.<br \/>\nLa organizaci\u00f3n \u201cOaxaque\u00f1os vs la Corrupci\u00f3n\u201d advirti\u00f3 sobre el acecho de empresas fantasmas a trav\u00e9s de las designaciones realizadas en la Secretaria de Finanzas, la Secretaria de Honestidad, Transparencia y Funci\u00f3n P\u00fablica, Secretaria de Infraestructura y Planeaci\u00f3n.<\/p>\n<p>\u201cFarid Acevedo L\u00f3pez, nuevo secretario de Finanzas de Oaxaca, ha sido conocido en el mundo de las \u00abfactureras\u00bb, por sus estrategias fiscales al l\u00edmite de la legalidad y del lado de la ilegalidad a trav\u00e9s de su empresa \u00abIdeas Estrat\u00e9gicas de Negocios de Antequera S.C.\u201d, sostiene el escrito.<\/p>\n<p>Agrega que a trav\u00e9s de ese \u00f3rgano se ha asesorado a diversos municipios para \u00abevadir\u00bb sus obligaciones fiscales.<br \/>\nA esto se suma el conflicto de intereses que prevalece en la administraci\u00f3n p\u00fablica y es que la titular de la Secretar\u00eda de Honestidad, Transparencia y Funci\u00f3n P\u00fablica, Leticia Elsa Reyes L\u00f3pez, form\u00f3 parte de la empresa de Farid Acevedo L\u00f3pez, como directora de administraci\u00f3n.<\/p>\n<p>Pero adem\u00e1s al interior de la dependencia ha colocado a personal de la misma empresa, como el caso de Ver\u00f3nica Maribel Reyes L\u00f3pez, quien fungi\u00f3 como titular de la Direcci\u00f3n de Recursos Humanos en Ideas Estrat\u00e9gicas de Negocios de Antequera S.C., de 2008 a 2022.<\/p>\n<p>Farid Acevedo L\u00f3pez fue beneficiado tambi\u00e9n como proveedor del gobierno anterior, en donde se ofrecieron los servicios de contabilidad y auditor\u00eda.<\/p>\n<p>PIEZA CLAVE<\/p>\n<p>Al realizar una b\u00fasqueda de las oficinas de la empresa en donde es socio mayoritario -Ideas Estrat\u00e9gicas de Negocios de Antequera S.C.-, la direcci\u00f3n es la misma que funcion\u00f3 como casa de campa\u00f1a del actual gobierno.<\/p>\n<p>En enero del 2022, le fueron otorgados a esa sociedad est\u00edmulos fiscales por el concepto sobre erogaciones por remuneraciones al trabajo personal durante el ejercicio fiscal 2021 microempresas y peque\u00f1as empresas.<span class=\"Apple-converted-space\">&nbsp;<\/span><\/p>\n<p>El PRI en Oaxaca, Javier Villaca\u00f1a Jim\u00e9nez, advirti\u00f3 que ante esta serie de situaciones se exigir\u00e1 una investigaci\u00f3n exhaustiva en torno al tema; toda vez que dijo \u201cestamos hablando de cosas serias\u201d.<\/p>\n<p>\u201cObviamente est\u00e1n las instancias de control como la Auditor\u00eda Superior y del propio Congreso; en su momento se tendr\u00e1n que pagar las consecuencias\u201d, dijo.<\/p>\n<p>\u201cVemos que, en este gobierno, manifest\u00f3 se defiende descaradamente los excesos de muchos funcionarios y que es entendible que es la primera vez que llegan a la posici\u00f3n y algunos se vuelven \u201clocos\u201d. En tanto, la dirigente del PAN, Perla Woolrich Fern\u00e1ndez, se\u00f1al\u00f3 que en este caso y otros m\u00e1s existe complicidad del gobierno del estado.<\/p>\n<p>Sin meterse en mayores detalles, la extitular de la Contralor\u00eda y Transparencia Gubernamental, en el sexenio de Gabino Cu\u00e9 Monteagudo, expuso que este sexenio se ha rodeado de funcionarios omisos e inexpertos. En su curr\u00edculum, Acevedo L\u00f3pez se declara como socio fundador y director general en Ideas Estrat\u00e9gicas de Negocios de Antequera S.C., de 2006 a 2021.<\/p>\n<p>https:\/\/heraldodemexico.com.mx\/nacional\/2023\/4\/13\/farid-acevedo-el-presunto-facturero-de-la-4t-en-oaxaca-497333.html<\/p>\n","protected":false},"excerpt":{"rendered":"<p>Redacci\u00f3n\/Zona Roja Cdmx. Ciudad de M\u00e9xico, a 16 de abril de 2023.- El secretario de&hellip;<\/p>\n","protected":false},"author":2,"featured_media":54069,"comment_status":"closed","ping_status":"open","sticky":false,"template":"","format":"standard","meta":{"_lmt_disableupdate":"","_lmt_disable":"","_jetpack_memberships_contains_paid_content":false,"footnotes":""},"categories":[109,47],"tags":[3507],"class_list":["post-54068","post","type-post","status-publish","format-standard","has-post-thumbnail","hentry","category-minuto-a-minuto","category-zona-gris","tag-farid-acevedo-lopez"],"jetpack_featured_media_url":"https:\/\/zonaroja.com.mx\/wp-content\/uploads\/2023\/04\/Farid-Acevedo-Lopez-Finanzas.jpeg","jetpack_sharing_enabled":true,"_links":{"self":[{"href":"https:\/\/zonaroja.com.mx\/index.php?rest_route=\/wp\/v2\/posts\/54068","targetHints":{"allow":["GET"]}}],"collection":[{"href":"https:\/\/zonaroja.com.mx\/index.php?rest_route=\/wp\/v2\/posts"}],"about":[{"href":"https:\/\/zonaroja.com.mx\/index.php?rest_route=\/wp\/v2\/types\/post"}],"author":[{"embeddable":true,"href":"https:\/\/zonaroja.com.mx\/index.php?rest_route=\/wp\/v2\/users\/2"}],"replies":[{"embeddable":true,"href":"https:\/\/zonaroja.com.mx\/index.php?rest_route=%2Fwp%2Fv2%2Fcomments&post=54068"}],"version-history":[{"count":2,"href":"https:\/\/zonaroja.com.mx\/index.php?rest_route=\/wp\/v2\/posts\/54068\/revisions"}],"predecessor-version":[{"id":54122,"href":"https:\/\/zonaroja.com.mx\/index.php?rest_route=\/wp\/v2\/posts\/54068\/revisions\/54122"}],"wp:featuredmedia":[{"embeddable":true,"href":"https:\/\/zonaroja.com.mx\/index.php?rest_route=\/wp\/v2\/media\/54069"}],"wp:attachment":[{"href":"https:\/\/zonaroja.com.mx\/index.php?rest_route=%2Fwp%2Fv2%2Fmedia&parent=54068"}],"wp:term":[{"taxonomy":"category","embeddable":true,"href":"https:\/\/zonaroja.com.mx\/index.php?rest_route=%2Fwp%2Fv2%2Fcategories&post=54068"},{"taxonomy":"post_tag","embeddable":true,"href":"https:\/\/zonaroja.com.mx\/index.php?rest_route=%2Fwp%2Fv2%2Ftags&post=54068"}],"curies":[{"name":"wp","href":"https:\/\/api.w.org\/{rel}","templated":true}]}}