{"id":5408,"date":"2019-11-04T09:31:10","date_gmt":"2019-11-04T15:31:10","guid":{"rendered":"http:\/\/www.zonaroja.com.mx\/?p=5408"},"modified":"2019-11-04T09:31:13","modified_gmt":"2019-11-04T15:31:13","slug":"debe-el-gobierno-federal-garantizar-fondos-para-universidades-publicas-rectores","status":"publish","type":"post","link":"https:\/\/zonaroja.com.mx\/?p=5408","title":{"rendered":"Debe el gobierno federal garantizar fondos para universidades p\u00fablicas: rectores"},"content":{"rendered":"\n<p>Redacci\u00f3n\/Zona\nRoja.<\/p>\n\n\n\n<p>Oaxaca de\nJu\u00e1rez, Oax., 4 de noviembre de 2019.- Luego de que esta semana autoridades\nfederales, legisladores, sindicalistas y autoridades universitarias pactaron la\nfirma de un Acuerdo Nacional por la Transformaci\u00f3n de la Educaci\u00f3n Superior,\nrectores de universidades p\u00fablicas estatales consideraron que el gobierno\nfederal debe garantizar el financiamiento suficiente para resolver los\nproblemas estructurales del sector.<\/p>\n\n\n\n<p>Juan Eulogio\nGuerra Liera, rector de la Universidad Aut\u00f3noma de Sinaloa (UAS), dijo que autoridades\nfederales garantizar\u00e1n las condiciones financieras a las universidades, ya que\nno pueden dejar de lado la gran disposici\u00f3n de los principales actores de la\neducaci\u00f3n y sus compromisos, expresados en el Encuentro Nacional para el\nFortalecimiento de la Educaci\u00f3n Superior, celebrado esta semana en el Centro\nCultural Universitario Tlatelolco de la Universidad Nacional Aut\u00f3noma de\nM\u00e9xico, donde participaron funcionarios de la Secretar\u00eda de Educaci\u00f3n P\u00fablica\n(SEP), diputados y senadores, rectores de universidades e instituciones\np\u00fablicas y representantes sindicales.<\/p>\n\n\n\n<p>Para Liera,\nsi se pone nuevamente a las universidades en una situaci\u00f3n donde no tengan para\npagar salarios y aguinaldos, se perder\u00eda este gran ambiente de confianza que se\nha generado, de acuerdo con informaci\u00f3n de la UAS.<\/p>\n\n\n\n<p>Guerra Liera\nexplic\u00f3 que desde hace meses se mantiene una ruta orientada a la obtenci\u00f3n de\nmayores recursos para las universidades p\u00fablicas, donde los rectores han\ndocumentado, sustentado y comprobado la necesidad de ese mayor presupuesto, y\ncomo respuesta la Secretar\u00eda de Educaci\u00f3n P\u00fablica ya hizo el compromiso de\nretribuir la pol\u00edtica salarial.<\/p>\n\n\n\n<p>BOLSA DE\n$2,500 MILLONES<\/p>\n\n\n\n<p>Se ha\nanunciado, entre otras medidas, la posibilidad de contar con una bolsa de 2 mil\n500 millones de pesos para competir entre las instituciones, y adem\u00e1s est\u00e1 por\ndiscutirse el Presupuesto de Egresos, afirm\u00f3 Guerra Liera.<\/p>\n\n\n\n<p>Luego del\nencuentro, el rector de la Universidad Michoacana de San Nicol\u00e1s de Hidalgo\n(UMSNH), Ra\u00fal C\u00e1rdenas Navarro, asegur\u00f3 que el c\u00f3nclave represent\u00f3 la\nposibilidad de generar un gran acuerdo que permita a las universidades\nalinearse a la nueva pol\u00edtica p\u00fablica en materia de educaci\u00f3n superior del\ngobierno federal que pasa por la gratuidad, la excelencia y la ampliaci\u00f3n de la\nmatr\u00edcula y cobertura educativa.<\/p>\n\n\n\n<p>Adem\u00e1s\nse\u00f1al\u00f3, de acuerdo con la UMSNH, que el encuentro deber\u00e1 generar un gran\nacuerdo que permita crear las condiciones econ\u00f3micas para ampliar y mejorar la\ncobertura educativa.<\/p>\n\n\n\n<p>En tanto, en\nel foro Las universidades y la transformaci\u00f3n de M\u00e9xico, celebrado en la\nUniversidad Aut\u00f3noma Benito Ju\u00e1rez de Oaxaca, Jaime Valls Esponda, secretario\nejecutivo de la Asociaci\u00f3n Nacional de Universidades e Instituciones de\nEducaci\u00f3n Superior (Anuies), se pronunci\u00f3 por la concertaci\u00f3n de un nuevo\nmodelo para el financiamiento de la educaci\u00f3n superior con proyecci\u00f3n\nplurianual.<\/p>\n\n\n\n<p>Indic\u00f3 que\nese fue el principal acuerdo en el Encuentro Nacional para el Fortalecimiento\nde la Educaci\u00f3n Superior<\/p>\n","protected":false},"excerpt":{"rendered":"<p>Redacci\u00f3n\/Zona Roja. Oaxaca de Ju\u00e1rez, Oax., 4 de noviembre de 2019.- Luego de que esta&hellip;<\/p>\n","protected":false},"author":2,"featured_media":5409,"comment_status":"closed","ping_status":"open","sticky":false,"template":"","format":"standard","meta":{"_lmt_disableupdate":"","_lmt_disable":"","_jetpack_memberships_contains_paid_content":false,"footnotes":""},"categories":[109,47],"tags":[282],"class_list":["post-5408","post","type-post","status-publish","format-standard","has-post-thumbnail","hentry","category-minuto-a-minuto","category-zona-gris","tag-universidad-autonoma-benito-juarez-de-oaxaca"],"jetpack_featured_media_url":"https:\/\/zonaroja.com.mx\/wp-content\/uploads\/2019\/11\/Rector\u00eda-UABJO-2.jpg","jetpack_sharing_enabled":true,"_links":{"self":[{"href":"https:\/\/zonaroja.com.mx\/index.php?rest_route=\/wp\/v2\/posts\/5408","targetHints":{"allow":["GET"]}}],"collection":[{"href":"https:\/\/zonaroja.com.mx\/index.php?rest_route=\/wp\/v2\/posts"}],"about":[{"href":"https:\/\/zonaroja.com.mx\/index.php?rest_route=\/wp\/v2\/types\/post"}],"author":[{"embeddable":true,"href":"https:\/\/zonaroja.com.mx\/index.php?rest_route=\/wp\/v2\/users\/2"}],"replies":[{"embeddable":true,"href":"https:\/\/zonaroja.com.mx\/index.php?rest_route=%2Fwp%2Fv2%2Fcomments&post=5408"}],"version-history":[{"count":1,"href":"https:\/\/zonaroja.com.mx\/index.php?rest_route=\/wp\/v2\/posts\/5408\/revisions"}],"predecessor-version":[{"id":5410,"href":"https:\/\/zonaroja.com.mx\/index.php?rest_route=\/wp\/v2\/posts\/5408\/revisions\/5410"}],"wp:featuredmedia":[{"embeddable":true,"href":"https:\/\/zonaroja.com.mx\/index.php?rest_route=\/wp\/v2\/media\/5409"}],"wp:attachment":[{"href":"https:\/\/zonaroja.com.mx\/index.php?rest_route=%2Fwp%2Fv2%2Fmedia&parent=5408"}],"wp:term":[{"taxonomy":"category","embeddable":true,"href":"https:\/\/zonaroja.com.mx\/index.php?rest_route=%2Fwp%2Fv2%2Fcategories&post=5408"},{"taxonomy":"post_tag","embeddable":true,"href":"https:\/\/zonaroja.com.mx\/index.php?rest_route=%2Fwp%2Fv2%2Ftags&post=5408"}],"curies":[{"name":"wp","href":"https:\/\/api.w.org\/{rel}","templated":true}]}}