{"id":54083,"date":"2023-04-15T11:59:19","date_gmt":"2023-04-15T16:59:19","guid":{"rendered":"http:\/\/www.zonaroja.com.mx\/?p=54083"},"modified":"2023-04-15T12:04:57","modified_gmt":"2023-04-15T17:04:57","slug":"54083","status":"publish","type":"post","link":"https:\/\/zonaroja.com.mx\/?p=54083","title":{"rendered":"Presentan el Torneo Estatal de Basquetbol Oaxaca 2023"},"content":{"rendered":"<p>Redacci\u00f3n\/Territorio Score<\/p>\n<p>Oaxaca de Ju\u00e1rez, Oax., a 15 de abril de 2023.- Con la finalidad de promover el basquetbol en las ocho regiones del estado de Oaxaca, el Instituto del Deporte del Estado de Oaxaca (Indeporte) y la Fundaci\u00f3n Alfredo Harp Hel\u00fa Oaxaca presentaron la convocatoria para el Torneo de Basquetbol Oaxaca 2023.<\/p>\n<p>En conferencia de prensa, el director de este Instituto, Arturo de Jes\u00fas Ch\u00e1vez, destac\u00f3 los esfuerzos para hacer posible esta competencia y se\u00f1al\u00f3 que se espera la inscripci\u00f3n de al menos 300 equipos de las 8 regiones de Oaxaca.<\/p>\n<p>El Torneo arrancar\u00e1 el pr\u00f3ximo 6 de mayo de 2023 y se realizar\u00e1 en las categor\u00edas libre y juvenil 18-20 en las ramas varonil y juvenil para lo cual los jugadores deber\u00e1n tener la edad correspondiente a su categor\u00eda.<\/p>\n<p>Los equipos interesados en participar podr\u00e1n presentar sus c\u00e9dulas de inscripci\u00f3n hasta el martes 25 de abril del a\u00f1o en curso por v\u00eda electr\u00f3nica al correo: indeporte.vinculacion@gmail.com y tambi\u00e9n se podr\u00e1 realizar directa en las oficinas del Instituto del Deporte de Oaxaca en un horario de 10:00 a 14:00 horas y de 16:00 a 20:00 horas.<\/p>\n<p>El torneo se realizar\u00e1 conforme el n\u00famero de participantes por cada categor\u00eda y la fase eliminatoria ser\u00e1 abierta y se realizar\u00e1n con base a los par\u00e1metros determinados por &nbsp;el Instituto del Deporte de Oaxaca.<\/p>\n<p>El hexagonal final ser\u00e1 parte de las actividades competitivas a desarrollar en las instalaciones deportivas del instituto y en esta etapa se contar\u00e1 con la salvaguarda de servicios m\u00e9dicos correspondientes.<\/p>\n<p>Asimismo, el comit\u00e9 organizador podr\u00e1 convocar la participaci\u00f3n de equipos representativos de deporte adaptado y de deporte social, bajo los par\u00e1metros que se establezcan.<\/p>\n<p>Se premiar\u00e1 a los dos primeros lugares por cada categor\u00eda y el primer lugar recibir\u00e1 un premio de 40 mil pesos y un trofeo elaborado en barro bru\u00f1ido por el artista mixteco Jose Luis Garc\u00eda.<\/p>\n<p>El segundo lugar recibir\u00e1 un premio de veinte mil pesos y su trofeo mientras que en la categor\u00eda juvenil se reconocer\u00e1 con un kit deportivo a los equipos finalistas.<\/p>\n<p>El inicio del torneo se realizar\u00e1 el pr\u00f3ximo 6 de mayo de 2023 en las 8 regiones y las semifinales y finales realizar\u00e1n en las instalaciones del complejo deportivo Hermanos Flores Mag\u00f3n.<\/p>\n<p>Al respecto, Jorge Esp\u00edndola Morales, representante de Alfredo Harp Hel\u00fa, se\u00f1al\u00f3 que el objetivo del torneo es promover la cultura f\u00edsica y el deporte en el estado, adem\u00e1s de alejar a los j\u00f3venes de las adicciones.<\/p>\n<p>En la presentaci\u00f3n a la convocatoria estuvo presente el medallista ol\u00edmpico de Los \u00c1ngeles 1984 en lucha grecorromana, Doctor Daniel Aceves Villagr\u00e1n, director de la Fundaci\u00f3n FAHH para el Deporte as\u00ed como directivos de ligas de baloncesto de Oaxaca.<\/p>\n","protected":false},"excerpt":{"rendered":"<p>Redacci\u00f3n\/Territorio Score Oaxaca de Ju\u00e1rez, Oax., a 15 de abril de 2023.- Con la finalidad&hellip;<\/p>\n","protected":false},"author":2,"featured_media":54084,"comment_status":"closed","ping_status":"open","sticky":false,"template":"","format":"standard","meta":{"_lmt_disableupdate":"","_lmt_disable":"","_jetpack_memberships_contains_paid_content":false,"footnotes":""},"categories":[109,46],"tags":[693],"class_list":["post-54083","post","type-post","status-publish","format-standard","has-post-thumbnail","hentry","category-minuto-a-minuto","category-zona-blanca","tag-fundacion-alfredo-harp-helu"],"jetpack_featured_media_url":"https:\/\/zonaroja.com.mx\/wp-content\/uploads\/2023\/04\/Torneo-de-basquebol-Oaxaca.jpg","jetpack_sharing_enabled":true,"_links":{"self":[{"href":"https:\/\/zonaroja.com.mx\/index.php?rest_route=\/wp\/v2\/posts\/54083","targetHints":{"allow":["GET"]}}],"collection":[{"href":"https:\/\/zonaroja.com.mx\/index.php?rest_route=\/wp\/v2\/posts"}],"about":[{"href":"https:\/\/zonaroja.com.mx\/index.php?rest_route=\/wp\/v2\/types\/post"}],"author":[{"embeddable":true,"href":"https:\/\/zonaroja.com.mx\/index.php?rest_route=\/wp\/v2\/users\/2"}],"replies":[{"embeddable":true,"href":"https:\/\/zonaroja.com.mx\/index.php?rest_route=%2Fwp%2Fv2%2Fcomments&post=54083"}],"version-history":[{"count":2,"href":"https:\/\/zonaroja.com.mx\/index.php?rest_route=\/wp\/v2\/posts\/54083\/revisions"}],"predecessor-version":[{"id":54101,"href":"https:\/\/zonaroja.com.mx\/index.php?rest_route=\/wp\/v2\/posts\/54083\/revisions\/54101"}],"wp:featuredmedia":[{"embeddable":true,"href":"https:\/\/zonaroja.com.mx\/index.php?rest_route=\/wp\/v2\/media\/54084"}],"wp:attachment":[{"href":"https:\/\/zonaroja.com.mx\/index.php?rest_route=%2Fwp%2Fv2%2Fmedia&parent=54083"}],"wp:term":[{"taxonomy":"category","embeddable":true,"href":"https:\/\/zonaroja.com.mx\/index.php?rest_route=%2Fwp%2Fv2%2Fcategories&post=54083"},{"taxonomy":"post_tag","embeddable":true,"href":"https:\/\/zonaroja.com.mx\/index.php?rest_route=%2Fwp%2Fv2%2Ftags&post=54083"}],"curies":[{"name":"wp","href":"https:\/\/api.w.org\/{rel}","templated":true}]}}