{"id":54086,"date":"2023-04-15T13:01:42","date_gmt":"2023-04-15T18:01:42","guid":{"rendered":"http:\/\/www.zonaroja.com.mx\/?p=54086"},"modified":"2023-04-15T15:47:38","modified_gmt":"2023-04-15T20:47:38","slug":"54086","status":"publish","type":"post","link":"https:\/\/zonaroja.com.mx\/?p=54086","title":{"rendered":"Avanza equipamiento del nuevo Laboratorio de Gen\u00e9tica del Poder Judicial"},"content":{"rendered":"<p>Redacci\u00f3n\/Zona Roja.<\/p>\n<p>Oaxaca de Ju\u00e1rez, Oax., a 15 de abril de 2023.- En el proceso de modernizaci\u00f3n del sistema judicial en Oaxaca y como uno de los principales proyectos en la administraci\u00f3n del magistrado Eduardo Pinacho S\u00e1nchez,&nbsp;el Poder Judicial del Estado&nbsp;avanza con la habilitaci\u00f3n y equipamiento del&nbsp;Laboratorio de Gen\u00e9tica Molecular, que tendr\u00e1 a su cargo la toma de muestras y an\u00e1lisis de ADN&nbsp;para&nbsp;las causas judiciales donde se requiere esta prueba&nbsp;biol\u00f3gica.<\/p>\n<p>Con el&nbsp;fin de dar a conocer las t\u00e9cnicas y metodolog\u00edas espec\u00edficas&nbsp;en&nbsp;el uso de los dispositivos con que contar\u00e1 el&nbsp;\u00e1rea, personal que se integrar\u00e1 a su funcionamiento&nbsp;recibi\u00f3 una capacitaci\u00f3n&nbsp;especializada&nbsp;sobre el&nbsp;Sistema de electroforesis capilar&nbsp;Spectrum,el cual&nbsp;consiste en un instrumento y software&nbsp;avanzado&nbsp;para el an\u00e1lisis de muestras con m\u00e1s eficientes&nbsp;y mejores resultados.<\/p>\n<p>La directora de Periciales del Consejo de la Judicatura del Estado, Yadira Piedad Saavedra L\u00f3pez, indic\u00f3 que una de las principales prioridades en el Poder Judicial es proteger y salvaguardar los derechos fundamentales de grupos vulnerables como son las ni\u00f1as, ni\u00f1os, adolescentes y mujeres;&nbsp;de ah\u00ed que ante el alto n\u00famero de&nbsp;solicitudes de pruebas de ADN en procesos judiciales se impuls\u00f3 el proyecto para la creaci\u00f3n de este laboratorio pr\u00f3ximo a entrar en funciones.<\/p>\n<p>Resalt\u00f3&nbsp;que&nbsp;dentro&nbsp;de un juicio de investigaci\u00f3n de paternidad, los avances cient\u00edficos son favorables, ya que por medio de pruebas gen\u00e9ticas se permite, con un elevado porcentaje de certeza, determinar si existe o no la relaci\u00f3n de filiaci\u00f3n entre dos personas; sin embargo, actualmente los tiempos de espera para realizar una prueba de este tipo pueden alargarse hasta un a\u00f1o y medio.<\/p>\n<p>Ahora, con&nbsp;el Laboratorio&nbsp;de Gen\u00e9tica Molecular se garantizar\u00e1n mecanismos legales \u00e1giles, en procesos penales y civiles, ya&nbsp;que&nbsp;la prueba de ADN, es utilizada para comprobar la paternidad de un ni\u00f1o o ni\u00f1a&nbsp;y&nbsp;con ello hacer v\u00e1lidos&nbsp;responsabilidades y derechos que establece la ley como la patria potestad, custodia, beneficios sociales, manutenci\u00f3n, r\u00e9gimen de visitas,&nbsp;entre otros.<\/p>\n<p>Por su parte, la especialista a cargo de la capacitaci\u00f3n, M\u00f3nica P\u00e9rez, explic\u00f3 que el equipo del Sistema de electroforesis capilar&nbsp;Spectrum, est\u00e1 validado a nivel mundial y permitir\u00e1 al Poder Judicial&nbsp;el acceso a tecnolog\u00eda de punta.&nbsp;Sobre los temas abordados en el curso de capacitaci\u00f3n mencion\u00f3 el&nbsp;procesamiento de la prueba, la extracci\u00f3n del ADN, la amplificaci\u00f3n de los fragmentos y&nbsp;secuenciaci\u00f3n para la&nbsp;correcta interpretaci\u00f3n y toma de decisiones acertadas.<\/p>\n","protected":false},"excerpt":{"rendered":"<p>Redacci\u00f3n\/Zona Roja. Oaxaca de Ju\u00e1rez, Oax., a 15 de abril de 2023.- En el proceso&hellip;<\/p>\n","protected":false},"author":2,"featured_media":54079,"comment_status":"closed","ping_status":"open","sticky":false,"template":"","format":"standard","meta":{"_lmt_disableupdate":"","_lmt_disable":"","_jetpack_memberships_contains_paid_content":false,"footnotes":""},"categories":[109,46],"tags":[223],"class_list":["post-54086","post","type-post","status-publish","format-standard","has-post-thumbnail","hentry","category-minuto-a-minuto","category-zona-blanca","tag-poder-judicial-de-oaxaca"],"jetpack_featured_media_url":"https:\/\/zonaroja.com.mx\/wp-content\/uploads\/2023\/04\/Preparan-inicio-de-funciones-del-Laboratorio.jpg","jetpack_sharing_enabled":true,"_links":{"self":[{"href":"https:\/\/zonaroja.com.mx\/index.php?rest_route=\/wp\/v2\/posts\/54086","targetHints":{"allow":["GET"]}}],"collection":[{"href":"https:\/\/zonaroja.com.mx\/index.php?rest_route=\/wp\/v2\/posts"}],"about":[{"href":"https:\/\/zonaroja.com.mx\/index.php?rest_route=\/wp\/v2\/types\/post"}],"author":[{"embeddable":true,"href":"https:\/\/zonaroja.com.mx\/index.php?rest_route=\/wp\/v2\/users\/2"}],"replies":[{"embeddable":true,"href":"https:\/\/zonaroja.com.mx\/index.php?rest_route=%2Fwp%2Fv2%2Fcomments&post=54086"}],"version-history":[{"count":2,"href":"https:\/\/zonaroja.com.mx\/index.php?rest_route=\/wp\/v2\/posts\/54086\/revisions"}],"predecessor-version":[{"id":54102,"href":"https:\/\/zonaroja.com.mx\/index.php?rest_route=\/wp\/v2\/posts\/54086\/revisions\/54102"}],"wp:featuredmedia":[{"embeddable":true,"href":"https:\/\/zonaroja.com.mx\/index.php?rest_route=\/wp\/v2\/media\/54079"}],"wp:attachment":[{"href":"https:\/\/zonaroja.com.mx\/index.php?rest_route=%2Fwp%2Fv2%2Fmedia&parent=54086"}],"wp:term":[{"taxonomy":"category","embeddable":true,"href":"https:\/\/zonaroja.com.mx\/index.php?rest_route=%2Fwp%2Fv2%2Fcategories&post=54086"},{"taxonomy":"post_tag","embeddable":true,"href":"https:\/\/zonaroja.com.mx\/index.php?rest_route=%2Fwp%2Fv2%2Ftags&post=54086"}],"curies":[{"name":"wp","href":"https:\/\/api.w.org\/{rel}","templated":true}]}}