{"id":54093,"date":"2023-04-15T09:12:05","date_gmt":"2023-04-15T14:12:05","guid":{"rendered":"http:\/\/www.zonaroja.com.mx\/?p=54093"},"modified":"2023-04-15T10:22:00","modified_gmt":"2023-04-15T15:22:00","slug":"54093","status":"publish","type":"post","link":"https:\/\/zonaroja.com.mx\/?p=54093","title":{"rendered":"Avala Tribunal Electoral de Oaxaca elecciones en siete municipios"},"content":{"rendered":"<p>Redacci\u00f3n\/Zona Roja.<\/p>\n<p>Oaxaca de Ju\u00e1rez, Oaxaca a 15 de abril de 2023.- En sesi\u00f3n p\u00fablica, el pleno del Tribunal Electoral del Estado de Oaxaca (TEEO) confirm\u00f3 los acuerdos del Consejo General del Instituto Estatal Electoral y de Participaci\u00f3n Ciudadana de Oaxaca (IEEPCO) que, declaran como jur\u00eddicamente v\u00e1lidas, las elecciones de siete municipios.<\/p>\n<p>Mediante los juicios con clave:&nbsp; JDCI\/09\/2023 y JNI\/35\/2023, este \u00f3rgano jurisdiccional se\u00f1al\u00f3 que no se acreditan las irregularidades expuestas por la parte actora respecto a la elecci\u00f3n de Mazatl\u00e1n Villa de Flores, ya que los recurrentes no aportaron elementos de prueba para acreditar el uso de recursos p\u00fablicos en la elecci\u00f3n y la inequidad en la contienda, aunado a ello, s\u00ed se cumpli\u00f3 con el criterio de paridad.<\/p>\n<p>En consecuencia, confirm\u00f3 el acuerdo IEEPCO-CG-SNI-456\/2022, por el que se califica como jur\u00eddicamente v\u00e1lida la elecci\u00f3n ordinaria del Municipio de Mazatl\u00e1n Villa de Flores, para fungir en el per\u00edodo de 2023-2025.<\/p>\n<p>Por otro lado, en el expediente JDCI\/225\/2022, el TEEO confirm\u00f3 la calificaci\u00f3n de validez de la elecci\u00f3n ordinaria de concejales para el periodo 2023-2025 en el municipio de Santa Catarina Mechoac\u00e1n, debido a que la parte actora incumpli\u00f3 con la carga procesal de demostrar la veracidad de las irregularidades reclamadas.<\/p>\n<p>La resoluci\u00f3n de los expedientes JNI\/07\/2023 y acumulado JNI\/16\/2023 confirma el acuerdo de calificaci\u00f3n de la elecci\u00f3n de San Pedro Teutila, al estimar que las irregularidades aducidas por la parte actora no acreditan la nulidad de la elecci\u00f3n.<\/p>\n<p>Ello, al considerar que no existe vulneraci\u00f3n alguna al sistema normativo interno de la comunidad ind\u00edgena al no utilizar la lista nominal de electores y tinta indeleble en la recepci\u00f3n de la votaci\u00f3n.<\/p>\n<p>Respecto a la elecci\u00f3n municipal de San Juan Lalana, este Tribunal confirm\u00f3 el acuerdo del IEEPCO que la declar\u00f3 como v\u00e1lida, ya que contrario a lo reclamado por la parte actora, s\u00ed analiz\u00f3 y dio respuesta a los escritos de inconformidad interpuestos ante la instancia administrativa.<\/p>\n<p>Adem\u00e1s, las irregularidades planteadas ante este Tribunal Electoral, se consideran que no son de la entidad suficientes para decretar la nulidad de la elecci\u00f3n.<\/p>\n<p>En los juicios identificados con clave: JDCI\/43\/2023 y JNI\/19\/2023, el Pleno confirm\u00f3 el acuerdo IEEPCO-CG-SNI-464\/2022 del Consejo General del Instituto Estatal y de Participaci\u00f3n Ciudadana de Oaxaca, por el que declar\u00f3 como jur\u00eddicamente v\u00e1lida la elecci\u00f3n ordinaria de concejal\u00edas del municipio de Santa Ana Tlapacoyan.<\/p>\n<p>Al respecto, se\u00f1al\u00f3 como ineficaz el agravio respecto que el Consejo General omiti\u00f3 pronunciarse de la totalidad de documentos presentados, toda vez que, con independencia del m\u00e9todo de valoraci\u00f3n utilizado por la responsable, en el sistema normativo de Santa Ana Tlapacoyan,&nbsp; la autoridad que conduce las decisiones de la asamblea general, una vez instalada, es la Mesa de los Debates, sin que se constate que la comunidad haya adoptado una modificaci\u00f3n al propio sistema que permita al Presidente Municipal conducir la elecci\u00f3n.<\/p>\n<p>En cuanto a la elecci\u00f3n de autoridades del municipio de Tanetze de Zaragoza, el TEEO determin\u00f3, mediante el juicio JNI\/51\/2023, que el Consejo General del Instituto Electoral Local, realiz\u00f3 un an\u00e1lisis correcto de las constancias que integran el expediente de esa elecci\u00f3n, por lo que consider\u00f3 que los agravios vertidos por la parte actora devienen infundados e inoperantes.<\/p>\n<p>En consecuencia, confirm\u00f3 el acuerdo IEEPCO-CG-SNI-391\/2022, emitido el veintisiete de diciembre de dos mil veintid\u00f3s, por el Consejo General, que calific\u00f3 como jur\u00eddicamente v\u00e1lida la elecci\u00f3n de concejal\u00edas al Ayuntamiento del Municipio de Tanetze de Zaragoza.<\/p>\n<p>En la resoluci\u00f3n del expediente JNI-06-2023, este \u00d3rgano Jurisdiccional confirm\u00f3 el acuerdo del Consejo General con n\u00famero IEEPCO-CG-SNI\u2010363\/2022, que calific\u00f3 como jur\u00eddicamente v\u00e1lida, la elecci\u00f3n de concejal\u00edas del Ayuntamiento de Cosoltepec, celebrada el tres de diciembre del pasado a\u00f1o.<\/p>\n<p>Expuso que los motivos de disenso son infundados porque el Consejo General s\u00ed analiz\u00f3 los elementos de prueba que acompa\u00f1\u00f3 la Presidenta de la Mesa de los Debates y lleg\u00f3 a la conclusi\u00f3n que, a dicha acta de asamblea, no podr\u00eda concederle la calidad de cierta al advertirse irregularidades formales y estructurales que le restan eficacia tanto a las pruebas como a la propia acta; adem\u00e1s, son ineficaces los agravios encaminados a controvertir cuestiones formales del acuerdo del Consejo General, as\u00ed como aquellos que pretenden combatir la asamblea que fue declarada v\u00e1lida, lo anterior porque los argumentos parten de argumentos imprecisos o bien, no se indica sustancialmente en qu\u00e9 consisten sus motivos de reclamo.<\/p>\n","protected":false},"excerpt":{"rendered":"<p>Redacci\u00f3n\/Zona Roja. Oaxaca de Ju\u00e1rez, Oaxaca a 15 de abril de 2023.- En sesi\u00f3n p\u00fablica,&hellip;<\/p>\n","protected":false},"author":2,"featured_media":20396,"comment_status":"closed","ping_status":"open","sticky":false,"template":"","format":"standard","meta":{"_lmt_disableupdate":"","_lmt_disable":"","_jetpack_memberships_contains_paid_content":false,"footnotes":""},"categories":[109,46],"tags":[2235],"class_list":["post-54093","post","type-post","status-publish","format-standard","has-post-thumbnail","hentry","category-minuto-a-minuto","category-zona-blanca","tag-tribunal-electoral-del-estado-de-oaxaca-teeo"],"jetpack_featured_media_url":"https:\/\/zonaroja.com.mx\/wp-content\/uploads\/2020\/11\/Edil-baston-de-mando.jpg","jetpack_sharing_enabled":true,"_links":{"self":[{"href":"https:\/\/zonaroja.com.mx\/index.php?rest_route=\/wp\/v2\/posts\/54093","targetHints":{"allow":["GET"]}}],"collection":[{"href":"https:\/\/zonaroja.com.mx\/index.php?rest_route=\/wp\/v2\/posts"}],"about":[{"href":"https:\/\/zonaroja.com.mx\/index.php?rest_route=\/wp\/v2\/types\/post"}],"author":[{"embeddable":true,"href":"https:\/\/zonaroja.com.mx\/index.php?rest_route=\/wp\/v2\/users\/2"}],"replies":[{"embeddable":true,"href":"https:\/\/zonaroja.com.mx\/index.php?rest_route=%2Fwp%2Fv2%2Fcomments&post=54093"}],"version-history":[{"count":2,"href":"https:\/\/zonaroja.com.mx\/index.php?rest_route=\/wp\/v2\/posts\/54093\/revisions"}],"predecessor-version":[{"id":54095,"href":"https:\/\/zonaroja.com.mx\/index.php?rest_route=\/wp\/v2\/posts\/54093\/revisions\/54095"}],"wp:featuredmedia":[{"embeddable":true,"href":"https:\/\/zonaroja.com.mx\/index.php?rest_route=\/wp\/v2\/media\/20396"}],"wp:attachment":[{"href":"https:\/\/zonaroja.com.mx\/index.php?rest_route=%2Fwp%2Fv2%2Fmedia&parent=54093"}],"wp:term":[{"taxonomy":"category","embeddable":true,"href":"https:\/\/zonaroja.com.mx\/index.php?rest_route=%2Fwp%2Fv2%2Fcategories&post=54093"},{"taxonomy":"post_tag","embeddable":true,"href":"https:\/\/zonaroja.com.mx\/index.php?rest_route=%2Fwp%2Fv2%2Ftags&post=54093"}],"curies":[{"name":"wp","href":"https:\/\/api.w.org\/{rel}","templated":true}]}}