{"id":54104,"date":"2023-04-15T18:58:11","date_gmt":"2023-04-15T23:58:11","guid":{"rendered":"http:\/\/www.zonaroja.com.mx\/?p=54104"},"modified":"2023-04-15T18:58:51","modified_gmt":"2023-04-15T23:58:51","slug":"54104","status":"publish","type":"post","link":"https:\/\/zonaroja.com.mx\/?p=54104","title":{"rendered":"Hostigan a Sandra Dom\u00ednguez, denunciante y v\u00edctima de Donato Vargas"},"content":{"rendered":"\n<p>Yuridiana Sosa\/Zona Roja.<\/p>\n\n\n\n<p>Oaxaca de Ju\u00e1rez, Oax., a 15 de abril de 2023.- La activista y primera denunciante del chat \u201cSierra XXX\u201d, Sandra Dom\u00ednguez, ahora fue v\u00edctima de llamadas intimidatorias, las cuales se dan tras las m\u00e1s recientes denuncias p\u00fablicas contra Donato Vargas Jim\u00e9nez, coordinador de Atenci\u00f3n Regional de Oaxaca y su participaci\u00f3n en otro chat mis\u00f3gino llamado \u201cMegapeda\u201d.<\/p>\n\n\n\n<p>La v\u00edctima de Vargas Jim\u00e9nez denunci\u00f3 en su cuenta de Twitter que este viernes recibi\u00f3 en su oficina tres llamadas de un hombre, quien se present\u00f3 como \u201csoy tu sombra\u201d, con voz distorsionada. <\/p>\n\n\n\n<p>La tambi\u00e9n abogada se\u00f1al\u00f3 que estas llamadas se dan justo en el contexto de denuncias contra el funcionario del gobierno de Salom\u00f3n Jara, quien se resiste destituirlo de su cargo con el argumento de un buen desempe\u00f1o laboral pese a violar las leyes del estado en materia de erradicaci\u00f3n de la violencia de g\u00e9nero.<\/p>\n\n\n\n<p>\u201cAyer no fui la \u00fanica que recibi\u00f3 amenaza. Toca a ella denunciar. Es grave lo que pasa\u201d, apunt\u00f3 Sandra Dom\u00ednguez, quien exhibi\u00f3 que las llamadas telef\u00f3nicas son del n\u00famero&nbsp;961 759 3169.<\/p>\n\n\n\n<p>M\u00e1s tarde, el abogado y activista Joaqu\u00edn Galv\u00e1n, inform\u00f3 que por medio de fuentes en la Fiscal\u00eda de Oaxaca conocieron que las llamadas provienen de un penal.&nbsp;<\/p>\n\n\n\n<p>Ante este evento demand\u00f3 la aplicaci\u00f3n urgente de medidas de protecci\u00f3n para Sandra Dom\u00ednguez, as\u00ed como para Martha Aracely Cruz, otra de las v\u00edctimas denunciantes de Donato Vargas Jim\u00e9nez, quienes mantienen procesos penales contra el funcionario.<\/p>\n\n\n\n<p>Activistas y defensoras reaccionaron a las amenazas de su compa\u00f1era, a quien le ofrecieron su respaldo en la lucha, como fue el caso de la activista y Fundadora de la Red de Abogadas Ind\u00edgenas, Flora Guti\u00e9rrez.<\/p>\n\n\n\n<p>\u201cSi algo le llega a pasar a Martha Aracely y a Sandra Dom\u00ednguez ya sabemos qui\u00e9nes son. No est\u00e1n solas\u201d, manifest\u00f3 la abogada.<\/p>\n\n\n\n<p>Sobre las m\u00e1s recientes denuncias p\u00fablicas, sostenidas con elementos de pruebas y procesos legales, el gobernador de Oaxaca, Salom\u00f3n Jara no ha emitido posicionamientos, mientras que las v\u00edctimas y colectivos esperan respuesta a su determinaci\u00f3n del caso.<\/p>\n","protected":false},"excerpt":{"rendered":"<p>Yuridiana Sosa\/Zona Roja. Oaxaca de Ju\u00e1rez, Oax., a 15 de abril de 2023.- La activista&hellip;<\/p>\n","protected":false},"author":2,"featured_media":54080,"comment_status":"closed","ping_status":"open","sticky":false,"template":"","format":"standard","meta":{"_lmt_disableupdate":"","_lmt_disable":"","_jetpack_memberships_contains_paid_content":false,"footnotes":""},"categories":[109,47],"tags":[3502],"class_list":["post-54104","post","type-post","status-publish","format-standard","has-post-thumbnail","hentry","category-minuto-a-minuto","category-zona-gris","tag-donato-vargas-jimenez"],"jetpack_featured_media_url":"https:\/\/zonaroja.com.mx\/wp-content\/uploads\/2023\/04\/Victimas-de-Donato-Vargas.jpg","jetpack_sharing_enabled":true,"_links":{"self":[{"href":"https:\/\/zonaroja.com.mx\/index.php?rest_route=\/wp\/v2\/posts\/54104","targetHints":{"allow":["GET"]}}],"collection":[{"href":"https:\/\/zonaroja.com.mx\/index.php?rest_route=\/wp\/v2\/posts"}],"about":[{"href":"https:\/\/zonaroja.com.mx\/index.php?rest_route=\/wp\/v2\/types\/post"}],"author":[{"embeddable":true,"href":"https:\/\/zonaroja.com.mx\/index.php?rest_route=\/wp\/v2\/users\/2"}],"replies":[{"embeddable":true,"href":"https:\/\/zonaroja.com.mx\/index.php?rest_route=%2Fwp%2Fv2%2Fcomments&post=54104"}],"version-history":[{"count":2,"href":"https:\/\/zonaroja.com.mx\/index.php?rest_route=\/wp\/v2\/posts\/54104\/revisions"}],"predecessor-version":[{"id":54106,"href":"https:\/\/zonaroja.com.mx\/index.php?rest_route=\/wp\/v2\/posts\/54104\/revisions\/54106"}],"wp:featuredmedia":[{"embeddable":true,"href":"https:\/\/zonaroja.com.mx\/index.php?rest_route=\/wp\/v2\/media\/54080"}],"wp:attachment":[{"href":"https:\/\/zonaroja.com.mx\/index.php?rest_route=%2Fwp%2Fv2%2Fmedia&parent=54104"}],"wp:term":[{"taxonomy":"category","embeddable":true,"href":"https:\/\/zonaroja.com.mx\/index.php?rest_route=%2Fwp%2Fv2%2Fcategories&post=54104"},{"taxonomy":"post_tag","embeddable":true,"href":"https:\/\/zonaroja.com.mx\/index.php?rest_route=%2Fwp%2Fv2%2Ftags&post=54104"}],"curies":[{"name":"wp","href":"https:\/\/api.w.org\/{rel}","templated":true}]}}