{"id":54108,"date":"2023-04-15T20:21:58","date_gmt":"2023-04-16T01:21:58","guid":{"rendered":"http:\/\/www.zonaroja.com.mx\/?p=54108"},"modified":"2023-04-15T20:25:14","modified_gmt":"2023-04-16T01:25:14","slug":"sujeto-rocia-gasolina-a-mujer-para-quemarla-policia-de-xoxocotlan-evita-feminicidio","status":"publish","type":"post","link":"https:\/\/zonaroja.com.mx\/?p=54108","title":{"rendered":"Sujeto roc\u00eda gasolina a mujer para quemarla; polic\u00eda de Xoxocotl\u00e1n evita feminicidio"},"content":{"rendered":"\n<p>Redacci\u00f3n\/Zona Roja.<\/p>\n\n\n\n<p>Oaxaca de Ju\u00e1rez, Oax.. a 15 de abril de 2023. La madrugada de este s\u00e1bado, un sujeto roci\u00f3 gasolina a una mujer para despu\u00e9s prenderle fuego, en la colonia Reforma Agraria del municipio de Santa Cruz Xoxocotl\u00e1n, Oaxaca. <\/p>\n\n\n\n<p>Tras la llamada de emergencia, la r\u00e1pida actuaci\u00f3n de los elementos de Seguridad P\u00fablica de Xoxocotl\u00e1n, hizo posible brindar los primeros auxilios a Keila M. P. de 21 a\u00f1os de edad, misma que presentaba quemaduras de segundo grado en el rostro, brazos y manos,  por lo que fue trasladada al Hospital Civil.<\/p>\n\n\n\n<p>Por su parte, la polic\u00eda municipal logr\u00f3 la captura de Carlos M. C. de 19 a\u00f1os de edad, quien es se\u00f1alado como el presunto responsable de haber atacado a la joven, mismo que fue puesto a disposici\u00f3n de la Fiscal\u00eda Especializada para la Atenci\u00f3n a Delitos Contra la Mujer por Raz\u00f3n de G\u00e9nero, donde se presume pueda ser procesado por el delito de intento de feminicidio.<\/p>\n\n\n\n<p>Sobre estos hechos, el presidente municipal de Xoxocotl\u00e1n, Inocente Castellanos, asegur\u00f3 que se actuar\u00e1 con todo rigor en contra de quien intente vulnerar los derechos o la integridad f\u00edsica de las mujeres, y que su gobierno seguir\u00e1 trabajando de la mano con las distintas instancias gubernamentales y de justicia para mantener un Xoxocotl\u00e1n seguro para todas y todos.<\/p>\n","protected":false},"excerpt":{"rendered":"<p>Redacci\u00f3n\/Zona Roja. Oaxaca de Ju\u00e1rez, Oax.. a 15 de abril de 2023. La madrugada de&hellip;<\/p>\n","protected":false},"author":2,"featured_media":54107,"comment_status":"closed","ping_status":"open","sticky":false,"template":"","format":"standard","meta":{"_lmt_disableupdate":"","_lmt_disable":"","_jetpack_memberships_contains_paid_content":false,"footnotes":""},"categories":[109,47],"tags":[],"class_list":["post-54108","post","type-post","status-publish","format-standard","has-post-thumbnail","hentry","category-minuto-a-minuto","category-zona-gris"],"jetpack_featured_media_url":"https:\/\/zonaroja.com.mx\/wp-content\/uploads\/2023\/04\/0ea037b1-cd6a-4826-873c-d85dabad1936.jpg","jetpack_sharing_enabled":true,"_links":{"self":[{"href":"https:\/\/zonaroja.com.mx\/index.php?rest_route=\/wp\/v2\/posts\/54108","targetHints":{"allow":["GET"]}}],"collection":[{"href":"https:\/\/zonaroja.com.mx\/index.php?rest_route=\/wp\/v2\/posts"}],"about":[{"href":"https:\/\/zonaroja.com.mx\/index.php?rest_route=\/wp\/v2\/types\/post"}],"author":[{"embeddable":true,"href":"https:\/\/zonaroja.com.mx\/index.php?rest_route=\/wp\/v2\/users\/2"}],"replies":[{"embeddable":true,"href":"https:\/\/zonaroja.com.mx\/index.php?rest_route=%2Fwp%2Fv2%2Fcomments&post=54108"}],"version-history":[{"count":1,"href":"https:\/\/zonaroja.com.mx\/index.php?rest_route=\/wp\/v2\/posts\/54108\/revisions"}],"predecessor-version":[{"id":54109,"href":"https:\/\/zonaroja.com.mx\/index.php?rest_route=\/wp\/v2\/posts\/54108\/revisions\/54109"}],"wp:featuredmedia":[{"embeddable":true,"href":"https:\/\/zonaroja.com.mx\/index.php?rest_route=\/wp\/v2\/media\/54107"}],"wp:attachment":[{"href":"https:\/\/zonaroja.com.mx\/index.php?rest_route=%2Fwp%2Fv2%2Fmedia&parent=54108"}],"wp:term":[{"taxonomy":"category","embeddable":true,"href":"https:\/\/zonaroja.com.mx\/index.php?rest_route=%2Fwp%2Fv2%2Fcategories&post=54108"},{"taxonomy":"post_tag","embeddable":true,"href":"https:\/\/zonaroja.com.mx\/index.php?rest_route=%2Fwp%2Fv2%2Ftags&post=54108"}],"curies":[{"name":"wp","href":"https:\/\/api.w.org\/{rel}","templated":true}]}}