{"id":5411,"date":"2019-11-04T09:44:31","date_gmt":"2019-11-04T15:44:31","guid":{"rendered":"http:\/\/www.zonaroja.com.mx\/?p=5411"},"modified":"2019-11-04T09:44:34","modified_gmt":"2019-11-04T15:44:34","slug":"la-utopia-de-la-mariposa-una-voz-desesperada-por-los-desaparecidos-en-mexico","status":"publish","type":"post","link":"https:\/\/zonaroja.com.mx\/?p=5411","title":{"rendered":"\u201cLa utop\u00eda de la mariposa\u201d, una voz desesperada por los desaparecidos en M\u00e9xico"},"content":{"rendered":"\n<p>Evlin Arag\u00f3n\/Zona\nRoja.<\/p>\n\n\n\n<p>Oaxaca de\nJu\u00e1rez, Oax., 4 de noviembre de 2019.- Hace casi 18 meses, el artista oaxaque\u00f1o\nLukas Avenda\u00f1o inici\u00f3 una nueva etapa de su vida personal y art\u00edstica, al\nenfrentarse a la desaparici\u00f3n de su hermano Bruno, un marino que sin dejar\nning\u00fan tipo de rastro fue visto por \u00faltima vez el 10 de mayo del 2018 en Santo\nDomingo Tehuantepec.<\/p>\n\n\n\n<p>Perteneciente\na la comunidad muxe, en la regi\u00f3n del Istmo, Lukas ha utilizado sus habilidades\nhistri\u00f3nicas para denunciar el caso de su hermano y hablar por los que no\ntienen voz. \u201cHoy voy a hablar por los nadies, por los ninguno, por los\nninguneados, por los minimizados\u201d, refiere en uno de sus perfomance que han\nquedado registrado en video.<\/p>\n\n\n\n<p>Hace unos\nmeses y despu\u00e9s de una entrevista del periodista Miguel J. Crespo, se consolid\u00f3\nla realizaci\u00f3n del documental titulado \u201cLa utop\u00eda de la mariposa\u201d, producido\npor Manuel de Le\u00f3n y \u201cPlumas At\u00f3micas\u201d, y protagonizado por Lukas Avenda\u00f1o en\ndonde \u2013aparte de mostrar su identidad de g\u00e9nero como muxe- expone el caso de su\nhermano y lo que ha implicado para su vida personal y art\u00edstica.<\/p>\n\n\n\n<p>\u201cTenemos la\nexigencia de que nadie debe desaparecer. Mi sue\u00f1o y utop\u00eda \u201cromper el cerco, no\npor venganza, s\u00ed por justicia\u201d, refiere el artista durante el video que tiene\nuna duraci\u00f3n aproximada de 30 minutos y cuyo avance se pueden observar en las\nplataformas digitales.<\/p>\n\n\n\n<p>Lukas, al\nigual que las familias de los m\u00e1s de 40 mil desaparecidos por la \u201cGuerra contra\nel narco\u201d, utiliza las herramientas art\u00edsticas, l\u00fadicas y creativas que tiene a\nla mano para seguir buscando a quienes no tiene voz y fueron separados\nabruptamente de sus hogares.<\/p>\n\n\n\n<p>Lo anterior\nlo ha hecho cada vez m\u00e1s visible, situaci\u00f3n que aprovecha para no quitar el\ndedo del rengl\u00f3n y exigir la aparici\u00f3n con vida de su hermano en diversas\npartes del mundo como Alemania, Polonia, Canad\u00e1, Argentina entre muchos otros\npa\u00edses.<\/p>\n\n\n\n<p>El compromiso\nen la b\u00fasqueda de su hermano es tal que el antrop\u00f3logo, escritor y artista\ndeclar\u00f3 recientemente para la agencia de noticia Efe que ya no dice que se\ndedica a las artes, a la docencia, a la escenificaci\u00f3n, porque todo su tiempo\nes para Bruno.<\/p>\n\n\n\n<p>\u00abSiempre\nbusco vincularlo, es una forma de visibilizar ese tema y exigir que se pueda\nesclarecer la desaparici\u00f3n de Bruno\u00bb, a\u00f1adi\u00f3 en la entrevista publicada el\npasado 26 de octubre.<\/p>\n\n\n\n<p>En el\ncontexto actual del pa\u00eds, el artista refiere que \u201cun M\u00e9xico sin desaparecidos\nes una utop\u00eda\u201d, de ah\u00ed el nombre del documental que ya gan\u00f3 el premio del\np\u00fablico en la segunda edici\u00f3n del Festival de Cine Independiente de la Ciudad\nde M\u00e9xico y recientemente fue presentado en el Festival de Cine de Morelia\ndonde tuvo una buena aceptaci\u00f3n.&nbsp; <\/p>\n\n\n\n<p>En el caso\nde su hermano Bruno, a 18 meses, la Fiscal\u00eda General del Estado de Oaxaca a\u00fan\nno tiene ning\u00fan avance en las investigaciones.<\/p>\n","protected":false},"excerpt":{"rendered":"<p>Evlin Arag\u00f3n\/Zona Roja. Oaxaca de Ju\u00e1rez, Oax., 4 de noviembre de 2019.- Hace casi 18&hellip;<\/p>\n","protected":false},"author":2,"featured_media":5155,"comment_status":"closed","ping_status":"open","sticky":false,"template":"","format":"standard","meta":{"_lmt_disableupdate":"","_lmt_disable":"","_jetpack_memberships_contains_paid_content":false,"footnotes":""},"categories":[109,47],"tags":[494,921],"class_list":["post-5411","post","type-post","status-publish","format-standard","has-post-thumbnail","hentry","category-minuto-a-minuto","category-zona-gris","tag-fiscalia-general-del-estado-de-oaxaca","tag-lukas-avendano"],"jetpack_featured_media_url":"https:\/\/zonaroja.com.mx\/wp-content\/uploads\/2019\/10\/Image-1-39.png","jetpack_sharing_enabled":true,"_links":{"self":[{"href":"https:\/\/zonaroja.com.mx\/index.php?rest_route=\/wp\/v2\/posts\/5411","targetHints":{"allow":["GET"]}}],"collection":[{"href":"https:\/\/zonaroja.com.mx\/index.php?rest_route=\/wp\/v2\/posts"}],"about":[{"href":"https:\/\/zonaroja.com.mx\/index.php?rest_route=\/wp\/v2\/types\/post"}],"author":[{"embeddable":true,"href":"https:\/\/zonaroja.com.mx\/index.php?rest_route=\/wp\/v2\/users\/2"}],"replies":[{"embeddable":true,"href":"https:\/\/zonaroja.com.mx\/index.php?rest_route=%2Fwp%2Fv2%2Fcomments&post=5411"}],"version-history":[{"count":1,"href":"https:\/\/zonaroja.com.mx\/index.php?rest_route=\/wp\/v2\/posts\/5411\/revisions"}],"predecessor-version":[{"id":5412,"href":"https:\/\/zonaroja.com.mx\/index.php?rest_route=\/wp\/v2\/posts\/5411\/revisions\/5412"}],"wp:featuredmedia":[{"embeddable":true,"href":"https:\/\/zonaroja.com.mx\/index.php?rest_route=\/wp\/v2\/media\/5155"}],"wp:attachment":[{"href":"https:\/\/zonaroja.com.mx\/index.php?rest_route=%2Fwp%2Fv2%2Fmedia&parent=5411"}],"wp:term":[{"taxonomy":"category","embeddable":true,"href":"https:\/\/zonaroja.com.mx\/index.php?rest_route=%2Fwp%2Fv2%2Fcategories&post=5411"},{"taxonomy":"post_tag","embeddable":true,"href":"https:\/\/zonaroja.com.mx\/index.php?rest_route=%2Fwp%2Fv2%2Ftags&post=5411"}],"curies":[{"name":"wp","href":"https:\/\/api.w.org\/{rel}","templated":true}]}}