{"id":54115,"date":"2023-04-16T08:54:42","date_gmt":"2023-04-16T13:54:42","guid":{"rendered":"http:\/\/www.zonaroja.com.mx\/?p=54115"},"modified":"2023-04-16T08:02:06","modified_gmt":"2023-04-16T13:02:06","slug":"54115","status":"publish","type":"post","link":"https:\/\/zonaroja.com.mx\/?p=54115","title":{"rendered":"En primer d\u00eda de AMLO en Oaxaca: un asesinado y hallan veh\u00edculo con armas"},"content":{"rendered":"<p>Redacci\u00f3n\/Zona Roja.<\/p>\n<p>Oaxaca de Ju\u00e1rez, Oax., a 16 de abril de 2023.- Este s\u00e1bado, primer d\u00eda de visita del Presidente Andr\u00e9s Manuel L\u00f3pez Obrador a Oaxaca, un individuo fue asesinado en Zacatepec, Putla, mientras que en Tehuantepec, tras asalto y una persecuci\u00f3n, fue hallado un veh\u00edculo con armas de grueso calibre.<\/p>\n<p>Ayer al mediod\u00eda, en Santa Mar\u00eda Zacatepec, una persona de aproximadamente 50 a\u00f1os de edad, fue asesinada a balazos a un costado del pante\u00f3n municipal.<\/p>\n<p>La v\u00edctima fue identificada como Rafael R. L., originario y residente de dicho municipio del distrito de Putla; hasta el momento se desconocen las causas del crimen, as\u00ed como la identidad del o de los agresores.<\/p>\n<p>HALLAN VEH\u00cdCULO<\/p>\n<p>La tarde de este s\u00e1bado en Santo Domingo Tehuantepec, regi\u00f3n del Istmo que visit\u00f3 L\u00f3pez Obrador, se registr\u00f3 una persecuci\u00f3n policiaca en contra de los ocupantes de una unidad de motor, luego que \u00e9stos habr\u00edan asaltado una tienda Coppel.<\/p>\n<p>Sin embargo, no lograron dar alcance a los delincuentes y \u00fanicamente hallaron abandonado un coche marca Honda, tipo Civic, en jurisdicci\u00f3n del Barrio Santa Mar\u00eda.<\/p>\n<p>Al revisar la unidad, hallaron al menos dos armas de fuego de grueso calibre; hasta el momento se desconoce el paradero de los probables delincuentes.<\/p>\n<p>MUERE BA\u00d1ISTA<\/p>\n<p>Por otra parte, en el municipio de San Pablo Cuatro Venados, del distrito de Zaachila, corporaciones de auxilio del Cuerpo de Bomberos rescataron ayer el cuerpo sin vida de un joven, que hab\u00eda ca\u00eddo de una cascada de agua de unos 30 metros de altura.<\/p>\n<p>La v\u00edctima, identificada como H\u00e9ctor M. S., de 23 a\u00f1os de edad, hab\u00eda acudido a vacacionar a la zona; al parecer era originario y residente de la ciudad de Oaxaca.<\/p>\n","protected":false},"excerpt":{"rendered":"<p>Redacci\u00f3n\/Zona Roja. Oaxaca de Ju\u00e1rez, Oax., a 16 de abril de 2023.- Este s\u00e1bado, primer&hellip;<\/p>\n","protected":false},"author":2,"featured_media":54112,"comment_status":"closed","ping_status":"open","sticky":false,"template":"","format":"standard","meta":{"_lmt_disableupdate":"","_lmt_disable":"","_jetpack_memberships_contains_paid_content":false,"footnotes":""},"categories":[109,51],"tags":[1071],"class_list":["post-54115","post","type-post","status-publish","format-standard","has-post-thumbnail","hentry","category-minuto-a-minuto","category-zona-roja","tag-santa-maria-zacatepec"],"jetpack_featured_media_url":"https:\/\/zonaroja.com.mx\/wp-content\/uploads\/2023\/04\/Vehiculo-armas-Tehuantepec.jpeg","jetpack_sharing_enabled":true,"_links":{"self":[{"href":"https:\/\/zonaroja.com.mx\/index.php?rest_route=\/wp\/v2\/posts\/54115","targetHints":{"allow":["GET"]}}],"collection":[{"href":"https:\/\/zonaroja.com.mx\/index.php?rest_route=\/wp\/v2\/posts"}],"about":[{"href":"https:\/\/zonaroja.com.mx\/index.php?rest_route=\/wp\/v2\/types\/post"}],"author":[{"embeddable":true,"href":"https:\/\/zonaroja.com.mx\/index.php?rest_route=\/wp\/v2\/users\/2"}],"replies":[{"embeddable":true,"href":"https:\/\/zonaroja.com.mx\/index.php?rest_route=%2Fwp%2Fv2%2Fcomments&post=54115"}],"version-history":[{"count":2,"href":"https:\/\/zonaroja.com.mx\/index.php?rest_route=\/wp\/v2\/posts\/54115\/revisions"}],"predecessor-version":[{"id":54120,"href":"https:\/\/zonaroja.com.mx\/index.php?rest_route=\/wp\/v2\/posts\/54115\/revisions\/54120"}],"wp:featuredmedia":[{"embeddable":true,"href":"https:\/\/zonaroja.com.mx\/index.php?rest_route=\/wp\/v2\/media\/54112"}],"wp:attachment":[{"href":"https:\/\/zonaroja.com.mx\/index.php?rest_route=%2Fwp%2Fv2%2Fmedia&parent=54115"}],"wp:term":[{"taxonomy":"category","embeddable":true,"href":"https:\/\/zonaroja.com.mx\/index.php?rest_route=%2Fwp%2Fv2%2Fcategories&post=54115"},{"taxonomy":"post_tag","embeddable":true,"href":"https:\/\/zonaroja.com.mx\/index.php?rest_route=%2Fwp%2Fv2%2Ftags&post=54115"}],"curies":[{"name":"wp","href":"https:\/\/api.w.org\/{rel}","templated":true}]}}