{"id":54145,"date":"2023-04-16T21:23:38","date_gmt":"2023-04-17T02:23:38","guid":{"rendered":"http:\/\/www.zonaroja.com.mx\/?p=54145"},"modified":"2023-04-16T21:46:50","modified_gmt":"2023-04-17T02:46:50","slug":"54145","status":"publish","type":"post","link":"https:\/\/zonaroja.com.mx\/?p=54145","title":{"rendered":"Documentos filtrados revelan tensiones entre Sedena y la Marina"},"content":{"rendered":"<p>Redacci\u00f3n\/Zona Roja Cdmx.<\/p>\n<p>Ciudad de M\u00e9xico, a 16 de abril de 2023.- El secretario de Marina, el almirante Jos\u00e9 Rafael Ojeda Dur\u00e1n, \u201cinstruy\u00f3 a sus oficiales que limitaran la cooperaci\u00f3n con la Secretar\u00eda de Defensa Nacional (Sedena)\u201d ante la posibilidad de que el Ej\u00e9rcito tomara el control de todo el espacio a\u00e9reo mexicano, seg\u00fan documentos clasificados del Pent\u00e1gono filtrados hace m\u00e1s de un mes en la plataforma de mensajer\u00eda Discord y que fueron revisados por el diario \u201cThe Washington Post\u201d.<\/p>\n<p>En algunos documentos relacionados con M\u00e9xico, que no se sabe si fueron alterados, oficiales militares estadunidenses evaluaron las implicaciones de que el Ej\u00e9rcito Mexicano asumiera la supervisi\u00f3n y el control de la aviaci\u00f3n civil del pa\u00eds.<\/p>\n<p>\u201cM\u00e9xico ha desplegado sus fuerzas armadas para luchar contra los narcotraficantes y los grupos criminales del pa\u00eds, y bajo la presidencia de Andr\u00e9s Manuel L\u00f3pez Obrador los oficiales militares han asumido una cartera cada vez m\u00e1s amplia de funciones civiles\u201d, detall\u00f3 ayer el peri\u00f3dico en su portal.<\/p>\n<p>El informe ultrasecreto, seg\u00fan el Post, predice que es probable que el presidente L\u00f3pez Obrador contin\u00fae con la asignaci\u00f3n de m\u00e1s responsabilidades y roles de supervisi\u00f3n a las fuerzas armadas del pa\u00eds, especialmente al Ej\u00e9rcito, pero \u201csin aumentos proporcionales en los recursos\u201d.<\/p>\n<p>De acuerdo con la evaluaci\u00f3n militar estadunidense, el secretario Ojeda Dur\u00e1n, quien no es mencionado directamente por el rotativo, \u201cestaba tan frustrado por la posibilidad de que el Ej\u00e9rcito tomara el control de todo el espacio a\u00e9reo mexicano que \u2018instruy\u00f3 a los oficiales de la Marina para que limitaran la cooperaci\u00f3n con la Sedena en respuesta\u2019\u201d.<\/p>\n<p>El diario precis\u00f3 que \u201cel informe se\u00f1ala el potencial de empeoramiento de las tensiones entre las fuerzas armadas de M\u00e9xico, \u2018una disputa que probablemente exacerbar\u00e1 su rivalidad existente y disminuir\u00e1 a\u00fan m\u00e1s su capacidad para realizar operaciones conjuntas\u2019\u201d.<\/p>\n<p>Los documentos adem\u00e1s detallan que las agencias de inteligencia estadunidenses espiaron a miembros del c\u00e1rtel del Golfo el mes pasado despu\u00e9s de que sus sicarios atacaron y secuestraron a cuatro viajeros afroestadunidenses, matando a dos, en Matamoros.<\/p>\n<p>El informe sobre las operaciones del c\u00e1rtel del Golfo dijo que los miembros del grupo se estaban \u201cpreparando para defenderse de posibles arrestos militares mexicanos luego del secuestro de los estadunidenses, lo que podr\u00eda aumentar a\u00fan m\u00e1s la violencia en Matamoros, donde Estados Unidos tiene un consulado\u201d.<\/p>\n<p>Los miles de archivos, todos etiquetados como ultrasecretos, se filtraron con decenas de documentos militares hace m\u00e1s de un mes en Discord, un servicio de chat popular entre los jugadores en l\u00ednea. The Washington Post precis\u00f3 en su publicaci\u00f3n que ha revisado aproximadamente 300 archivos con informaci\u00f3n clasificada, la mayor\u00eda de los cuales no se han hecho p\u00fablicos, pues se filtraron a un peque\u00f1o grupo de usuarios de la plataforma digital.<\/p>\n<p>El peri\u00f3dico contextualiz\u00f3 que el Departamento de Justicia anunci\u00f3 el pasado jueves el arresto de Jack Douglas Teixeira, miembro de la Guardia Nacional A\u00e9rea en Massachusetts, por \u201cpresunta extracci\u00f3n, retenci\u00f3n y transmisi\u00f3n no autorizadas de informaci\u00f3n clasificada de defensa nacional\u201d.<\/p>\n","protected":false},"excerpt":{"rendered":"<p>Redacci\u00f3n\/Zona Roja Cdmx. Ciudad de M\u00e9xico, a 16 de abril de 2023.- El secretario de&hellip;<\/p>\n","protected":false},"author":2,"featured_media":54146,"comment_status":"closed","ping_status":"open","sticky":false,"template":"","format":"standard","meta":{"_lmt_disableupdate":"","_lmt_disable":"","_jetpack_memberships_contains_paid_content":false,"footnotes":""},"categories":[109,47],"tags":[],"class_list":["post-54145","post","type-post","status-publish","format-standard","has-post-thumbnail","hentry","category-minuto-a-minuto","category-zona-gris"],"jetpack_featured_media_url":"https:\/\/zonaroja.com.mx\/wp-content\/uploads\/2023\/04\/Secretarios-de-Marina-y-de-Defensa-Nacional.jpeg","jetpack_sharing_enabled":true,"_links":{"self":[{"href":"https:\/\/zonaroja.com.mx\/index.php?rest_route=\/wp\/v2\/posts\/54145","targetHints":{"allow":["GET"]}}],"collection":[{"href":"https:\/\/zonaroja.com.mx\/index.php?rest_route=\/wp\/v2\/posts"}],"about":[{"href":"https:\/\/zonaroja.com.mx\/index.php?rest_route=\/wp\/v2\/types\/post"}],"author":[{"embeddable":true,"href":"https:\/\/zonaroja.com.mx\/index.php?rest_route=\/wp\/v2\/users\/2"}],"replies":[{"embeddable":true,"href":"https:\/\/zonaroja.com.mx\/index.php?rest_route=%2Fwp%2Fv2%2Fcomments&post=54145"}],"version-history":[{"count":2,"href":"https:\/\/zonaroja.com.mx\/index.php?rest_route=\/wp\/v2\/posts\/54145\/revisions"}],"predecessor-version":[{"id":54157,"href":"https:\/\/zonaroja.com.mx\/index.php?rest_route=\/wp\/v2\/posts\/54145\/revisions\/54157"}],"wp:featuredmedia":[{"embeddable":true,"href":"https:\/\/zonaroja.com.mx\/index.php?rest_route=\/wp\/v2\/media\/54146"}],"wp:attachment":[{"href":"https:\/\/zonaroja.com.mx\/index.php?rest_route=%2Fwp%2Fv2%2Fmedia&parent=54145"}],"wp:term":[{"taxonomy":"category","embeddable":true,"href":"https:\/\/zonaroja.com.mx\/index.php?rest_route=%2Fwp%2Fv2%2Fcategories&post=54145"},{"taxonomy":"post_tag","embeddable":true,"href":"https:\/\/zonaroja.com.mx\/index.php?rest_route=%2Fwp%2Fv2%2Ftags&post=54145"}],"curies":[{"name":"wp","href":"https:\/\/api.w.org\/{rel}","templated":true}]}}