{"id":54151,"date":"2023-04-16T21:32:43","date_gmt":"2023-04-17T02:32:43","guid":{"rendered":"http:\/\/www.zonaroja.com.mx\/?p=54151"},"modified":"2023-04-16T21:46:27","modified_gmt":"2023-04-17T02:46:27","slug":"54151","status":"publish","type":"post","link":"https:\/\/zonaroja.com.mx\/?p=54151","title":{"rendered":"Opini\u00f3n. Se alista la resistencia en el sur de M\u00e9xico"},"content":{"rendered":"<p>Diego Enrique Osorno*<\/p>\n<p>Con el fin de articular una resistencia m\u00e1s amplia en contra del Corredor Interoce\u00e1nico y el Tren Maya, pueblos, comunidades y ciudades del sur de M\u00e9xico sobre los que est\u00e1n trazados ambos proyectos gubernamentales&nbsp;ser\u00e1n recorridos por diversos colectivos y organizaciones nacionales e internacionales, entre los que se encuentra el Congreso Nacional Ind\u00edgena (CNI).<\/p>\n<p>Entre otros objetivos, la Caravana busca denunciar el proceso de militarizaci\u00f3n en marcha en la regi\u00f3n, el cual est\u00e1 ocurriendo bajo el argumento del inter\u00e9s p\u00fablico y la seguridad nacional, a trav\u00e9s de un \u201cdecreto de car\u00e1cter dictatorial y fascista\u201d&nbsp;publicado el 22 de noviembre de 2021 en el Diario Oficial de la Federaci\u00f3n.<\/p>\n<p>La iniciativa denominada \u201cEl Sur Resiste\u201d&nbsp;planea \u201ctrazar conjuntamente estrategias muy concretas de resistencias contra el megaproyecto interconectado Tren Maya-Corredor Interoc\u00e9anico\u201d, por lo que a partir del 26 de abril recorrer\u00e1 Oaxaca, Tabasco, Veracruz, Yucat\u00e1n, Quintana Roo y Chiapas, donde concluir\u00e1 con un Encuentro Internacional el 6 y 7 de mayo en San Crist\u00f3bal de las Casas.<\/p>\n<p>Los grupos participantes han explicado que en agosto del a\u00f1o pasado realizaron una caravana previa en la que particip\u00f3 la Asamblea de los Pueblos Ind\u00edgenas del Istmo en Defensa de la Tierra y del Territorio, la Asociaci\u00f3n Internacionalista \u201cYa Basta\u201d de los Centros Sociales del Noreste de Italia y las organizaciones ind\u00edgenas de la zona.<\/p>\n<p>El diagn\u00f3stico que presentan sobre los \u201cmegaproyectos de muerte que est\u00e1 imponiendo la 4T\u201d considera que \u201ctodos los niveles de gobierno y partidos pol\u00edticos a favor de las grandes corporaciones, y en alianza con el crimen organizado, est\u00e1n impulsando, bajo la ret\u00f3rica de seguridad nacional, inter\u00e9s p\u00fablico, progreso y combate a la pobreza, una nueva etapa de colonizaci\u00f3n que va m\u00e1s all\u00e1 de la interconexi\u00f3n ferroviaria, carretera y dem\u00e1s obras de infraestructura, cuya construcci\u00f3n actual ya ha generado gran destrucci\u00f3n ambiental, social y cultural\u201d.<\/p>\n<p>La creaci\u00f3n de una nueva l\u00ednea divisoria entre el sur y el norte de M\u00e9xico y del continente americano&nbsp;es una de las valoraciones hechas por las organizaciones que participar\u00e1n en la Caravana. \u201cSe est\u00e1 ofreciendo a los nuevos conquistadores de los capitales corporativos&nbsp;los bienes naturales y territorios del Sur-Sureste de M\u00e9xico para el libre comercio e imposici\u00f3n de proyectos de la industria energ\u00e9tica, tur\u00edstica, maquiladora, comercial y militar; que constituir\u00eda un corredor log\u00edstico y la nueva frontera geopol\u00edtica que reordene a su vez los territorios de Centroam\u00e9rica y controle el flujo migratorio hacia EU\u201d.<\/p>\n<p>De acuerdo con uno de los tres comunicados emitidos hasta el momento en la p\u00e1gina www.elsurresiste.org, \u201cel objetivo es claro: edificar un muro maquilador que contenga la migraci\u00f3n principalmente de personas de Centroam\u00e9rica, para ser utilizada como mano de obra barata \u2014neoesclavismo\u2014, en un para\u00edso fiscal libre de impuestos y amonestaciones por violaciones a los derechos humanos, todo esto dirigido desde EU y sus aliados comerciales del Norte Global\u201d.<\/p>\n<p>Lo que est\u00e1 sucediendo ahora, explican, refuerza los da\u00f1os provocados desde los sexenios anteriores por el gran turismo, la ganader\u00eda extensiva, los monocultivos y los parques e\u00f3licos, solares e hidroel\u00e9ctricas, as\u00ed como la explotaci\u00f3n, transportaci\u00f3n y transformaci\u00f3n de hidrocarburos, \u201cen un contexto mundial de crisis clim\u00e1tica que en estos momentos impacta directamente diversos territorios, detonando crisis por el agua, los alimentos, la energ\u00eda y la tensi\u00f3n de conflictos armados\u201d.<\/p>\n<p>Este an\u00e1lisis, se precisa, fue construido en colectivo por las diversas organizaciones, tras los recorridos previos hechos por el territorio sure\u00f1o, \u201cen donde encontramos y compartimos con luchas hist\u00f3ricas, resistencias actuales y rebeld\u00edas disidentes, pero tambi\u00e9n&nbsp;reconocimos nuestros procesos de autonom\u00eda, construcci\u00f3n de alternativas, as\u00ed como la recuperaci\u00f3n y construcci\u00f3n de la identidad y memoria colectiva que nos dignifica como pueblos ind\u00edgenas\u201d.<\/p>\n<p>Como parte de las acciones previas a esta Caravana&nbsp;hubo otra en Europa&nbsp;para difundir las resistencias existentes en el sur mexicano en contra del Corredor Interoce\u00e1nico y el Tren Maya, as\u00ed como tambi\u00e9n&nbsp;planteando la conexi\u00f3n que tienen estos procesos con lo que sucede en el resto del mundo: \u201cLa crisis clim\u00e1tica, provocada por el mismo sistema capitalista patriarcal y colonial, est\u00e1 teniendo graves impactos sociales, econ\u00f3micos y territoriales: masivas inundaciones en Pakist\u00e1n, duras sequ\u00edas en todo el mundo que han provocado la perdida de millones de toneladas de cosechas durante este a\u00f1o, huracanes cada vez m\u00e1s agresivos, incendios devastadores como fue el caso de Australia y una serie de anomal\u00edas clim\u00e1ticas y ecosist\u00e9micas que ponen en riesgo la conquista de estas demandas y en peligro de extinci\u00f3n la vida como la conocemos\u201d.<\/p>\n<p>La caravana iniciar\u00e1 el 25 de abril en Pijijiapan, Chiapas, para de ah\u00ed trasladarse a Tonal\u00e1, en el mismo estado; el 26 enfilar\u00e1 hacia Puente Madera, Oaxaca, el 27 a Guichicovi, tambi\u00e9n en Oaxaca, para luego seguir el 28 a Oteapan, Veracruz, el 29 a Villahermosa y El Bosque, Tabasco; el 30 llegar\u00e1 a Candelaria, Campeche, el 1 de mayo en Valladolid, Yucat\u00e1n y el 2 en Carrillo Puerto, Quintana Roo; el 3 en Xpujil, Campeche, el 4 en Palenque, y el 6 y 7 de mayo terminar con un Encuentro Internacional en el CIDECI de San Crist\u00f3bal de las Casas, Caracol Jacinto Canek, del Ej\u00e9rcito Zapatista de Liberaci\u00f3n Nacional (EZLN).<\/p>\n","protected":false},"excerpt":{"rendered":"<p>Diego Enrique Osorno* Con el fin de articular una resistencia m\u00e1s amplia en contra del&hellip;<\/p>\n","protected":false},"author":2,"featured_media":48560,"comment_status":"closed","ping_status":"open","sticky":false,"template":"","format":"standard","meta":{"_lmt_disableupdate":"","_lmt_disable":"","_jetpack_memberships_contains_paid_content":false,"footnotes":""},"categories":[456,109],"tags":[3020],"class_list":["post-54151","post","type-post","status-publish","format-standard","has-post-thumbnail","hentry","category-columna","category-minuto-a-minuto","tag-diego-enrique-osorno"],"jetpack_featured_media_url":"https:\/\/zonaroja.com.mx\/wp-content\/uploads\/2022\/11\/Diego-Enrique-Osorno.jpeg","jetpack_sharing_enabled":true,"_links":{"self":[{"href":"https:\/\/zonaroja.com.mx\/index.php?rest_route=\/wp\/v2\/posts\/54151","targetHints":{"allow":["GET"]}}],"collection":[{"href":"https:\/\/zonaroja.com.mx\/index.php?rest_route=\/wp\/v2\/posts"}],"about":[{"href":"https:\/\/zonaroja.com.mx\/index.php?rest_route=\/wp\/v2\/types\/post"}],"author":[{"embeddable":true,"href":"https:\/\/zonaroja.com.mx\/index.php?rest_route=\/wp\/v2\/users\/2"}],"replies":[{"embeddable":true,"href":"https:\/\/zonaroja.com.mx\/index.php?rest_route=%2Fwp%2Fv2%2Fcomments&post=54151"}],"version-history":[{"count":2,"href":"https:\/\/zonaroja.com.mx\/index.php?rest_route=\/wp\/v2\/posts\/54151\/revisions"}],"predecessor-version":[{"id":54156,"href":"https:\/\/zonaroja.com.mx\/index.php?rest_route=\/wp\/v2\/posts\/54151\/revisions\/54156"}],"wp:featuredmedia":[{"embeddable":true,"href":"https:\/\/zonaroja.com.mx\/index.php?rest_route=\/wp\/v2\/media\/48560"}],"wp:attachment":[{"href":"https:\/\/zonaroja.com.mx\/index.php?rest_route=%2Fwp%2Fv2%2Fmedia&parent=54151"}],"wp:term":[{"taxonomy":"category","embeddable":true,"href":"https:\/\/zonaroja.com.mx\/index.php?rest_route=%2Fwp%2Fv2%2Fcategories&post=54151"},{"taxonomy":"post_tag","embeddable":true,"href":"https:\/\/zonaroja.com.mx\/index.php?rest_route=%2Fwp%2Fv2%2Ftags&post=54151"}],"curies":[{"name":"wp","href":"https:\/\/api.w.org\/{rel}","templated":true}]}}