{"id":54166,"date":"2023-04-17T11:02:08","date_gmt":"2023-04-17T16:02:08","guid":{"rendered":"http:\/\/www.zonaroja.com.mx\/?p=54166"},"modified":"2023-04-17T11:38:17","modified_gmt":"2023-04-17T16:38:17","slug":"54166","status":"publish","type":"post","link":"https:\/\/zonaroja.com.mx\/?p=54166","title":{"rendered":"Van nueve detenidos por muerte de 40 migrantes en Chihuahua"},"content":{"rendered":"<p>Redacci\u00f3n\/Zona Roja Cdmx.<\/p>\n<p>Ciudad de M\u00e9xico, a 17 de abril de 2023.- El contralmirante Salvador Gonz\u00e1lez Guerrero, exdelegado del Instituto Nacional de Migraci\u00f3n (INM) en Chihuahua, fue detenido este domingo en Ciudad Ju\u00e1rez, como responsable de la muerte de 40 migrantes y lesiones a 25 m\u00e1s.<\/p>\n<p>Dicha persona ser\u00e1 presentada ante un juez quien determinar\u00e1 su situaci\u00f3n jur\u00eddica en las pr\u00f3ximas horas por los delitos de homicidio, lesiones y ejercicio Il\u00edcito del Servicio P\u00fablico.<\/p>\n<p>Con este suman ya nueve las personas detenidas como responsables directas del citado incendio, registrado el 27 de marzo pasado en la estaci\u00f3n migratoria de Ciudad Ju\u00e1rez.<\/p>\n<p>Guerrero Gonz\u00e1lez fue detenido en Avenida Tecnol\u00f3gico, esquina con calle Aeron\u00e1utica, colonia Jardines del Aeropuerto, y ser\u00e1 presentado en las pr\u00f3ximas horas ante un Juez.<\/p>\n<p>El detenido es el funcionario de m\u00e1s alto nivel detenido por su responsabilidad directa en el incendio. Su jefe, Francisco Gardu\u00f1o Y\u00e1\u00f1ez, titular del INM, tambi\u00e9n ser\u00e1 imputado, pero \u00e9l por un delito menor que no amerita prisi\u00f3n oficiosa.<\/p>\n<p>El jueves pasado fueron detenidos Eduardo A. M., Juan Calos M. C., y Celia R.T., empleados del INM quienes permanecen presos y cuya situaci\u00f3n jur\u00eddica se definir\u00e1 el martes 18 de abril pr\u00f3ximo.<\/p>\n<p>Dichas personas se suman a cinco que ya fueron detenidas e imputadas por la FGR, y vinculados a proceso por un Juez por los delitos de homicidio calificado y homicidio calificado en grado de tentativa.<\/p>\n<p>Se trata de Gloria Liliana \u201cN\u201d, Daniel \u201cN\u201d y Rodolfo \u201cN\u201d, agentes del INM; Alan Pascual \u201cV\u201d, el guardia de seguridad de la empresa CAMSA; y Jas\u00f3n \u201cN\u201d, migrante venezolano, quien habr\u00eda iniciado el incendio en la estaci\u00f3n.<\/p>\n<p>(Informaci\u00f3n de \u201cEl Financiero\u201d)<\/p>\n","protected":false},"excerpt":{"rendered":"<p>Redacci\u00f3n\/Zona Roja Cdmx. Ciudad de M\u00e9xico, a 17 de abril de 2023.- El contralmirante Salvador&hellip;<\/p>\n","protected":false},"author":2,"featured_media":54168,"comment_status":"closed","ping_status":"open","sticky":false,"template":"","format":"standard","meta":{"_lmt_disableupdate":"","_lmt_disable":"","_jetpack_memberships_contains_paid_content":false,"footnotes":""},"categories":[109,47],"tags":[1195],"class_list":["post-54166","post","type-post","status-publish","format-standard","has-post-thumbnail","hentry","category-minuto-a-minuto","category-zona-gris","tag-chihuahua"],"jetpack_featured_media_url":"https:\/\/zonaroja.com.mx\/wp-content\/uploads\/2023\/04\/Instituto-Migracion-INM-Chihuahua.jpeg","jetpack_sharing_enabled":true,"_links":{"self":[{"href":"https:\/\/zonaroja.com.mx\/index.php?rest_route=\/wp\/v2\/posts\/54166","targetHints":{"allow":["GET"]}}],"collection":[{"href":"https:\/\/zonaroja.com.mx\/index.php?rest_route=\/wp\/v2\/posts"}],"about":[{"href":"https:\/\/zonaroja.com.mx\/index.php?rest_route=\/wp\/v2\/types\/post"}],"author":[{"embeddable":true,"href":"https:\/\/zonaroja.com.mx\/index.php?rest_route=\/wp\/v2\/users\/2"}],"replies":[{"embeddable":true,"href":"https:\/\/zonaroja.com.mx\/index.php?rest_route=%2Fwp%2Fv2%2Fcomments&post=54166"}],"version-history":[{"count":2,"href":"https:\/\/zonaroja.com.mx\/index.php?rest_route=\/wp\/v2\/posts\/54166\/revisions"}],"predecessor-version":[{"id":54178,"href":"https:\/\/zonaroja.com.mx\/index.php?rest_route=\/wp\/v2\/posts\/54166\/revisions\/54178"}],"wp:featuredmedia":[{"embeddable":true,"href":"https:\/\/zonaroja.com.mx\/index.php?rest_route=\/wp\/v2\/media\/54168"}],"wp:attachment":[{"href":"https:\/\/zonaroja.com.mx\/index.php?rest_route=%2Fwp%2Fv2%2Fmedia&parent=54166"}],"wp:term":[{"taxonomy":"category","embeddable":true,"href":"https:\/\/zonaroja.com.mx\/index.php?rest_route=%2Fwp%2Fv2%2Fcategories&post=54166"},{"taxonomy":"post_tag","embeddable":true,"href":"https:\/\/zonaroja.com.mx\/index.php?rest_route=%2Fwp%2Fv2%2Ftags&post=54166"}],"curies":[{"name":"wp","href":"https:\/\/api.w.org\/{rel}","templated":true}]}}