{"id":54170,"date":"2023-04-17T09:23:53","date_gmt":"2023-04-17T14:23:53","guid":{"rendered":"http:\/\/www.zonaroja.com.mx\/?p=54170"},"modified":"2023-04-17T10:41:33","modified_gmt":"2023-04-17T15:41:33","slug":"54170","status":"publish","type":"post","link":"https:\/\/zonaroja.com.mx\/?p=54170","title":{"rendered":"Dice AMLO que habr\u00e1 supercarreteras este a\u00f1o\u2026 pero siguen las protestas"},"content":{"rendered":"<p>Ismael Garc\u00eda M.\/Zona Roja.<\/p>\n<p>Oaxaca de Ju\u00e1rez, Oax., a 17 de abril de 2023.- El Presidente de la Rep\u00fablica, Andr\u00e9s Manuel L\u00f3pez Obrador, reiter\u00f3 en Oaxaca que las supercarreteras a la Costa y al Istmo quedar\u00e1n concluidos este a\u00f1o.<\/p>\n<p>El mandatario mexicano estuvo en la entidad el s\u00e1bado y el domingo, donde adem\u00e1s de actividades en la regi\u00f3n del Istmo y en la Mixteca, junto con el gobernador Salom\u00f3n Jara supervis\u00f3 v\u00eda \u00e1rea los avances de las obras, iniciadas una de ellas desde hace dos d\u00e9cadas.<\/p>\n<p>Es el caso de la v\u00eda Oaxaca-Istmo, que fue iniciado en el sexenio del priista Jos\u00e9 Murat y que sigue sin concluirse en su tramo Mitla-Tehuantepec.<\/p>\n<p>Sin precisar el porcentaje de avance, L\u00f3pez Obrador solt\u00f3 el s\u00e1bado el anuncio:<\/p>\n<p>\u201cHoy supervisamos la construcci\u00f3n de la autopista de Oaxaca al Istmo de Tehuantepec. Terminaremos en diciembre esta gran obra que reducir\u00e1 de 5 a 2 horas y media el tiempo de traslado\u201d.<\/p>\n<p>No obstante, en su anterior visita al estado, fue informado que el avance no rebasa el 80 por ciento; recientemente la Secretar\u00eda de Comunicaciones y Transportes inform\u00f3 que se abri\u00f3 el tramo hasta la localidad de Llano Crucero.<\/p>\n<p>La v\u00eda a la Costa la supervis\u00f3 ayer domingo, tambi\u00e9n v\u00eda a\u00e9rea, en que escribi\u00f3 en sus redes sociales:<\/p>\n<p>\u201c\u00a1Ya falta poco! Un puente grande y 12 km de pavimento para terminar la carretera Oaxaca-Puerto Escondido. En lugar de 6 horas de traslado se har\u00e1n 2.5. La inauguraremos en julio de este a\u00f1o. Ojal\u00e1 tambi\u00e9n, para entonces, podamos resolver el antiguo problema agrario entre Sola de Vega y San Vicente Coatl\u00e1n y lograr la paz\u201d.<\/p>\n<p>LOS CONFLICTOS<\/p>\n<p>En el tramo Mitla-Tehuantepec persisten los retrasos, principalmente por demandas de obras adicionales por parte de los municipios donde cruza la megaobra y podr\u00eda ser concluido hasta el pr\u00f3ximo a\u00f1o.<\/p>\n<p>En el tramo Barranca Larga-Ventanilla, persisten dos problemas, el primero de ellos el conflicto de San Vicente Coatl\u00e1n con Sola de Vega, por un l\u00edo agrario.<\/p>\n<p>Coatl\u00e1n ha permitido la reanudaci\u00f3n de los trabajos, pero a cambio de que se arregle el a\u00f1ejo problema; sin embargo, Sola de Vega ha reiterado que no ceder\u00e1 parte de su territorio.<\/p>\n<p>Adem\u00e1s, Desde el pasado jueves, pobladores de la agencia El Gavil\u00e1n, del municipio de San Sebasti\u00e1n Coatl\u00e1n, bloquean un tramo de esa supercarretera a la Costa, para exigir un entronque a dicha comunidad.<\/p>\n<p>El presidente municipal, el profesor Hiram Eloy L\u00f3pez, con simpat\u00edas en el Partido Moreno, es quien azuza dicha protesta, para acallar otras demandas de la poblaci\u00f3n, que adem\u00e1s exige recursos presupuestales.<\/p>\n<p>Hasta ahora, pese a que la misma Secretar\u00eda de Gobierno dio a conocer el bloqueo, no ha logrado resolver la problem\u00e1tica.<\/p>\n","protected":false},"excerpt":{"rendered":"<p>Ismael Garc\u00eda M.\/Zona Roja. Oaxaca de Ju\u00e1rez, Oax., a 17 de abril de 2023.- El&hellip;<\/p>\n","protected":false},"author":2,"featured_media":54171,"comment_status":"closed","ping_status":"open","sticky":false,"template":"","format":"standard","meta":{"_lmt_disableupdate":"","_lmt_disable":"","_jetpack_memberships_contains_paid_content":false,"footnotes":""},"categories":[109,47],"tags":[143],"class_list":["post-54170","post","type-post","status-publish","format-standard","has-post-thumbnail","hentry","category-minuto-a-minuto","category-zona-gris","tag-andres-manuel-lopez-obrador"],"jetpack_featured_media_url":"https:\/\/zonaroja.com.mx\/wp-content\/uploads\/2023\/04\/Bloqueo-San-Sebastian-Coatlan.jpg","jetpack_sharing_enabled":true,"_links":{"self":[{"href":"https:\/\/zonaroja.com.mx\/index.php?rest_route=\/wp\/v2\/posts\/54170","targetHints":{"allow":["GET"]}}],"collection":[{"href":"https:\/\/zonaroja.com.mx\/index.php?rest_route=\/wp\/v2\/posts"}],"about":[{"href":"https:\/\/zonaroja.com.mx\/index.php?rest_route=\/wp\/v2\/types\/post"}],"author":[{"embeddable":true,"href":"https:\/\/zonaroja.com.mx\/index.php?rest_route=\/wp\/v2\/users\/2"}],"replies":[{"embeddable":true,"href":"https:\/\/zonaroja.com.mx\/index.php?rest_route=%2Fwp%2Fv2%2Fcomments&post=54170"}],"version-history":[{"count":2,"href":"https:\/\/zonaroja.com.mx\/index.php?rest_route=\/wp\/v2\/posts\/54170\/revisions"}],"predecessor-version":[{"id":54175,"href":"https:\/\/zonaroja.com.mx\/index.php?rest_route=\/wp\/v2\/posts\/54170\/revisions\/54175"}],"wp:featuredmedia":[{"embeddable":true,"href":"https:\/\/zonaroja.com.mx\/index.php?rest_route=\/wp\/v2\/media\/54171"}],"wp:attachment":[{"href":"https:\/\/zonaroja.com.mx\/index.php?rest_route=%2Fwp%2Fv2%2Fmedia&parent=54170"}],"wp:term":[{"taxonomy":"category","embeddable":true,"href":"https:\/\/zonaroja.com.mx\/index.php?rest_route=%2Fwp%2Fv2%2Fcategories&post=54170"},{"taxonomy":"post_tag","embeddable":true,"href":"https:\/\/zonaroja.com.mx\/index.php?rest_route=%2Fwp%2Fv2%2Ftags&post=54170"}],"curies":[{"name":"wp","href":"https:\/\/api.w.org\/{rel}","templated":true}]}}