{"id":5418,"date":"2019-11-04T15:43:50","date_gmt":"2019-11-04T21:43:50","guid":{"rendered":"http:\/\/www.zonaroja.com.mx\/?p=5418"},"modified":"2019-11-04T15:43:53","modified_gmt":"2019-11-04T21:43:53","slug":"califica-lopez-obrador-de-imprudentes-declaraciones-del-general-gaytan","status":"publish","type":"post","link":"https:\/\/zonaroja.com.mx\/?p=5418","title":{"rendered":"Califica L\u00f3pez Obrador de \u201cimprudentes\u201d declaraciones del General Gayt\u00e1n"},"content":{"rendered":"\n<p>Redacci\u00f3n\/Zona\nRoja.<\/p>\n\n\n\n<p>Ciudad de\nM\u00e9xico, 4 de noviembre de 2019.- Esta ma\u00f1ana, el Presidente de M\u00e9xico, Andr\u00e9s\nManuel L\u00f3pez Obrador, calific\u00f3 como \u201cimprudentes\u201d las declaraciones recientes\ndel General del Ej\u00e9rcito Mexicano Carlos Gayt\u00e1n. <\/p>\n\n\n\n<p>&nbsp;\u00abTiene todo su derecho a expresarse. Si\nleen el texto, hay una actitud poco mesurada. Recuerdo algo que dice que en\nM\u00e9xico hay ideolog\u00eda dominante, que no mayoritaria, un lenguaje bastante\nconservador\u00bb, asever\u00f3, al explicar el sentido de sus afirmaciones en redes\nsociales con respecto a un golpe de Estado.<\/p>\n\n\n\n<p>Atribuy\u00f3 de\nnuevo la reacci\u00f3n del conservadurismo a los sucesos registrados en Culiac\u00e1n: <\/p>\n\n\n\n<p>\u00abSacaron\na flote muchas cosas, por eso algunos se enojaron cuando dije que se hab\u00eda\nmostrado el cobre, pero permiti\u00f3 poner en la superficie muchas cosas.<\/p>\n\n\n\n<p>\u00abImag\u00ednense\ndiciendo que hab\u00eda que atrincherarse en Culiac\u00e1n y que a sangre y fuego hab\u00eda\nque hacer valer la ley, que nos faltaron pantalones, Interpret\u00e1ndolo como una\nofensa al ej\u00e9rcito\u00bb, manifest\u00f3.<\/p>\n\n\n\n<p>A pregunta\nexpresa sobre las motivaciones de esos mensajes, L\u00f3pez Obrador pidi\u00f3 que se\nexhibieran de nuevo esos mensajes, porque mucha gente no tiene acceso a redes\nsociales y no pudieron enterarse de los tuits en donde dec\u00eda, entre otros\naspectos, que el respaldo social impedir\u00eda que ocurriera un suceso como ese y\nque en M\u00e9xico no hab\u00eda espacio para \u00ablos Huerta, los Franco, los Hitler,\nlos Pinochet\u00bb.<\/p>\n\n\n\n<p>Sin embargo,\nrecord\u00f3 que ayer emiti\u00f3 un nuevo mensaje en el que afirma que no hab\u00eda nada que\ntemer. Dijo que decidi\u00f3 enviar el mensaje porque es necesario llamar \u00abal\npan, pan, y al vino vino. En pol\u00edtica, nada de indefiniciones. En pol\u00edtica la\nindefinici\u00f3n suele ser funesta\u00bb.<\/p>\n\n\n\n<p>Consider\u00f3\nque debe entenderse que ya cambi\u00f3 la pol\u00edtica&nbsp;\n(en materia de seguridad), porque anteriormente se apost\u00f3 a la\nliquidaci\u00f3n del contrario.<\/p>\n\n\n\n<p>\u00abEso no\nva a volver a suceder, esa mentalidad desgraciadamente se estableci\u00f3 en ciertos\nsectores muy conservadores, autoritarios\u00bb, agreg\u00f3.<\/p>\n\n\n\n<p>L\u00f3pez\nObrador asever\u00f3 que cuando habla del respaldo mayoritario del pueblo, incluye a\nlas propias fuerzas armadas, porque&nbsp; son\n\u00abpueblo uniformado\u00bb.<\/p>\n\n\n\n<p>Sin embargo,\nacot\u00f3 que estas posturas que difundi\u00f3 sobre golpe de Estado y Culiac\u00e1n no\nimplican que haya censura ni haya cuestionamientos al trabajo de los medios de\ncomunicaci\u00f3n, \u00abLibertad completa, respeto, qu\u00e9 bueno que se est\u00e1\npolemizando sobre estos temas\u00bb.<\/p>\n\n\n\n<p>(Con\ninformaci\u00f3n de \u201cLa Jornada\u201d)<\/p>\n","protected":false},"excerpt":{"rendered":"<p>Redacci\u00f3n\/Zona Roja. Ciudad de M\u00e9xico, 4 de noviembre de 2019.- Esta ma\u00f1ana, el Presidente de&hellip;<\/p>\n","protected":false},"author":2,"featured_media":5419,"comment_status":"closed","ping_status":"open","sticky":false,"template":"","format":"standard","meta":{"_lmt_disableupdate":"","_lmt_disable":"","_jetpack_memberships_contains_paid_content":false,"footnotes":""},"categories":[109,47],"tags":[143],"class_list":["post-5418","post","type-post","status-publish","format-standard","has-post-thumbnail","hentry","category-minuto-a-minuto","category-zona-gris","tag-andres-manuel-lopez-obrador"],"jetpack_featured_media_url":"https:\/\/zonaroja.com.mx\/wp-content\/uploads\/2019\/11\/amlo.jpg","jetpack_sharing_enabled":true,"_links":{"self":[{"href":"https:\/\/zonaroja.com.mx\/index.php?rest_route=\/wp\/v2\/posts\/5418","targetHints":{"allow":["GET"]}}],"collection":[{"href":"https:\/\/zonaroja.com.mx\/index.php?rest_route=\/wp\/v2\/posts"}],"about":[{"href":"https:\/\/zonaroja.com.mx\/index.php?rest_route=\/wp\/v2\/types\/post"}],"author":[{"embeddable":true,"href":"https:\/\/zonaroja.com.mx\/index.php?rest_route=\/wp\/v2\/users\/2"}],"replies":[{"embeddable":true,"href":"https:\/\/zonaroja.com.mx\/index.php?rest_route=%2Fwp%2Fv2%2Fcomments&post=5418"}],"version-history":[{"count":1,"href":"https:\/\/zonaroja.com.mx\/index.php?rest_route=\/wp\/v2\/posts\/5418\/revisions"}],"predecessor-version":[{"id":5420,"href":"https:\/\/zonaroja.com.mx\/index.php?rest_route=\/wp\/v2\/posts\/5418\/revisions\/5420"}],"wp:featuredmedia":[{"embeddable":true,"href":"https:\/\/zonaroja.com.mx\/index.php?rest_route=\/wp\/v2\/media\/5419"}],"wp:attachment":[{"href":"https:\/\/zonaroja.com.mx\/index.php?rest_route=%2Fwp%2Fv2%2Fmedia&parent=5418"}],"wp:term":[{"taxonomy":"category","embeddable":true,"href":"https:\/\/zonaroja.com.mx\/index.php?rest_route=%2Fwp%2Fv2%2Fcategories&post=5418"},{"taxonomy":"post_tag","embeddable":true,"href":"https:\/\/zonaroja.com.mx\/index.php?rest_route=%2Fwp%2Fv2%2Ftags&post=5418"}],"curies":[{"name":"wp","href":"https:\/\/api.w.org\/{rel}","templated":true}]}}