{"id":54185,"date":"2023-04-17T19:24:03","date_gmt":"2023-04-18T00:24:03","guid":{"rendered":"http:\/\/www.zonaroja.com.mx\/?p=54185"},"modified":"2023-04-17T19:30:08","modified_gmt":"2023-04-18T00:30:08","slug":"54185","status":"publish","type":"post","link":"https:\/\/zonaroja.com.mx\/?p=54185","title":{"rendered":"Regresan movilizaciones por libertad de presos mazatecos de Eloxochitl\u00e1n"},"content":{"rendered":"<p>Yuridiana Sosa\/Zona Roja.<\/p>\n<p>Oaxaca de Ju\u00e1rez, Oax., a 17 de abril de 2023.- Organizaciones y colectivos de Oaxaca marcharon una vez m\u00e1s exigir la libertad de los presos pol\u00edticos mazatecos de Eloxochitl\u00e1n de Flores Mag\u00f3n, detenidos desde hace casi nueve a\u00f1os sin sentencia, as\u00ed como para revocar la sentencia de 50 a\u00f1os para uno de ellos, tras un proceso irregular.<\/p>\n<p>La movilizaci\u00f3n de este lunes, denominada \u201cNi perseguidos ni condenados, acciones por la libertad\u201d, parti\u00f3 del monumento a la Madre, al z\u00f3calo de la capital, en la que recordaron la participaci\u00f3n de la actual titular de la Secretar\u00eda de la Mujer de Oaxaca, Elisa Zepeda Lagunas, en la fabricaci\u00f3n de delitos contra los ind\u00edgenas, acusado injustamente de la muerte de su hermano Manuel Zepeda.<\/p>\n<p>Decenas de mujeres y hombres exigieron a la magistrada Elizabeth Franco Cervantes la resoluci\u00f3n de un amparo, con sentencia de libertad, para su compa\u00f1ero Miguel Peralta Betanzos, a quien en marzo de 2023 el Tribunal Superior de Justicia del Estado de Oaxaca revoc\u00f3 su sentencia de libertad, ganada en octubre de 2019, girando una nueva orden de aprehensi\u00f3n e imponiendo otra vez una sentencia de 50 a\u00f1os.<\/p>\n<div class=\"twitter-tweet\">\n<blockquote class=\"twitter-tweet\" data-lang=\"es\">\n<p lang=\"es\" dir=\"ltr\"><a href=\"https:\/\/twitter.com\/hashtag\/%C3%9AltimoMinuto?src=hash&amp;ref_src=twsrc%5Etfw\">#\u00daltimoMinuto<\/a><br \/>Esta tarde, varias organizaciones sociales marchan del monumento a la Madre al z\u00f3calo de la ciudad de <a href=\"https:\/\/twitter.com\/hashtag\/Oaxaca?src=hash&amp;ref_src=twsrc%5Etfw\">#Oaxaca<\/a>, para exigir al <a href=\"https:\/\/twitter.com\/GobOax?ref_src=twsrc%5Etfw\">@GobOax<\/a> la  libertad de presos mazatecos de Eloxochitl\u00e1n de Flores Mag\u00f3n. <a href=\"https:\/\/t.co\/MNCAqDigJG\">pic.twitter.com\/MNCAqDigJG<\/a><\/p>\n<p>&mdash; Zona Roja Oaxaca (@ZonaRoja_Oaxaca) <a href=\"https:\/\/twitter.com\/ZonaRoja_Oaxaca\/status\/1648082672005132292?ref_src=twsrc%5Etfw\">17 de abril de 2023<\/a><\/p><\/blockquote>\n<\/div>\n<p>Peralta Betanzos estuvo previamente detenido por cinco a\u00f1os tras una primera sentencia de 50 a\u00f1os, pero al demostrar jur\u00eddicamente que no existen pruebas para inculparlo, qued\u00f3 en libertad.<\/p>\n<p>Los familiares y activistas exigieron al Gobierno del Estado no m\u00e1s persecuciones y libertad para otros seis de sus compa\u00f1eros, contra quienes tampoco existen pruebas en su contra sobre la muerte de Manuel Zepada.<\/p>\n<p>Apuntaron que la prisi\u00f3n preventiva es por dos a\u00f1os, pero ellos (Jaime Betanzos, Herminio Monfil, Fernando Gavito, Alfredo Bola\u00f1os, Omar Hugo Morales, Isa\u00edas Gallardo y Francisco Dur\u00e1n) ya cumplen nueve a\u00f1os por ser se\u00f1alados de cr\u00edmenes fabricados, relacionados a actos violentos ocurridos el 14 de diciembre de 2014.<\/p>\n<p>La \u00fanica prueba en fotos del cuerpo de Manuel Zepeda es cuando se encuentra en la comandancia de Huautla de Jim\u00e9nez, luego de ser entregado con vida por los pobladores de Eloxochitl\u00e1n tras el ataque armado a su asamblea.<\/p>\n<p>A favor de los detenidos existen diversas sentencias en las que se se\u00f1ala la fabricaci\u00f3n de delitos y por lo que deben ser liberados, pero no se ha cumplido, por lo que los manifestantes advirtieron que continuar\u00e1n en su lucha hasta lograr la libertad de sus presos.<\/p>\n","protected":false},"excerpt":{"rendered":"<p>Yuridiana Sosa\/Zona Roja. Oaxaca de Ju\u00e1rez, Oax., a 17 de abril de 2023.- Organizaciones y&hellip;<\/p>\n","protected":false},"author":2,"featured_media":54186,"comment_status":"closed","ping_status":"open","sticky":false,"template":"","format":"standard","meta":{"_lmt_disableupdate":"","_lmt_disable":"","_jetpack_memberships_contains_paid_content":false,"footnotes":""},"categories":[109,47],"tags":[719],"class_list":["post-54185","post","type-post","status-publish","format-standard","has-post-thumbnail","hentry","category-minuto-a-minuto","category-zona-gris","tag-eloxochitlan-de-flores-magon"],"jetpack_featured_media_url":"https:\/\/zonaroja.com.mx\/wp-content\/uploads\/2023\/04\/Protesta-Eloxochitlan-de-Flores-Ma.jpg","jetpack_sharing_enabled":true,"_links":{"self":[{"href":"https:\/\/zonaroja.com.mx\/index.php?rest_route=\/wp\/v2\/posts\/54185","targetHints":{"allow":["GET"]}}],"collection":[{"href":"https:\/\/zonaroja.com.mx\/index.php?rest_route=\/wp\/v2\/posts"}],"about":[{"href":"https:\/\/zonaroja.com.mx\/index.php?rest_route=\/wp\/v2\/types\/post"}],"author":[{"embeddable":true,"href":"https:\/\/zonaroja.com.mx\/index.php?rest_route=\/wp\/v2\/users\/2"}],"replies":[{"embeddable":true,"href":"https:\/\/zonaroja.com.mx\/index.php?rest_route=%2Fwp%2Fv2%2Fcomments&post=54185"}],"version-history":[{"count":2,"href":"https:\/\/zonaroja.com.mx\/index.php?rest_route=\/wp\/v2\/posts\/54185\/revisions"}],"predecessor-version":[{"id":54188,"href":"https:\/\/zonaroja.com.mx\/index.php?rest_route=\/wp\/v2\/posts\/54185\/revisions\/54188"}],"wp:featuredmedia":[{"embeddable":true,"href":"https:\/\/zonaroja.com.mx\/index.php?rest_route=\/wp\/v2\/media\/54186"}],"wp:attachment":[{"href":"https:\/\/zonaroja.com.mx\/index.php?rest_route=%2Fwp%2Fv2%2Fmedia&parent=54185"}],"wp:term":[{"taxonomy":"category","embeddable":true,"href":"https:\/\/zonaroja.com.mx\/index.php?rest_route=%2Fwp%2Fv2%2Fcategories&post=54185"},{"taxonomy":"post_tag","embeddable":true,"href":"https:\/\/zonaroja.com.mx\/index.php?rest_route=%2Fwp%2Fv2%2Ftags&post=54185"}],"curies":[{"name":"wp","href":"https:\/\/api.w.org\/{rel}","templated":true}]}}