{"id":54189,"date":"2023-04-17T19:55:21","date_gmt":"2023-04-18T00:55:21","guid":{"rendered":"http:\/\/www.zonaroja.com.mx\/?p=54189"},"modified":"2023-04-17T20:08:01","modified_gmt":"2023-04-18T01:08:01","slug":"54189","status":"publish","type":"post","link":"https:\/\/zonaroja.com.mx\/?p=54189","title":{"rendered":"Judicializa Fiscal\u00eda caso de tentativa de feminicidio ocurrido en Xoxocotl\u00e1n"},"content":{"rendered":"<p>Redacci\u00f3n\/Zona Roja.<\/p>\n<p>Oaxaca de Ju\u00e1rez, Oax., a 17 de abril de 2023.- La Fiscal\u00eda General del Estado de Oaxaca (FGEO) present\u00f3 ante el Juez -por el delito de feminicidio en grado de tentativa- a un hombre identificado por las iniciales C. M. C., luego de la agresi\u00f3n contra una mujer ocurrida en Santa Cruz Xoxocotl\u00e1n.<\/p>\n<p>Tras la detenci\u00f3n bajo el supuesto de flagrancia del imputado, la Fiscal\u00eda Especializada para la Atenci\u00f3n a Delitos contra la Mujer por Raz\u00f3n de G\u00e9nero, lo llev\u00f3 a audiencia de control de detenci\u00f3n en la que, el Juez la calific\u00f3 como legal.<\/p>\n<p>De acuerdo con las investigaciones iniciales realizadas por la Fiscal\u00eda Especializada, los hechos ocurrieron la madrugada del 15 de abril de 2023, en un domicilio particular localizado en la colonia Reforma Agraria, donde una mujer identificada por las iniciales K. A. M. D. fue v\u00edctima de una agresi\u00f3n con una sustancia inflamable y luego le prendieron fuego, hechos por los que sufri\u00f3 quemaduras en diferentes partes del cuerpo.<\/p>\n<p>Personas que escucharon a la v\u00edctima que ped\u00eda ayuda, retuvieron al imputado hasta la llegada de elementos de la Polic\u00eda Municipal de Xoxocotl\u00e1n, quienes realizaron la detenci\u00f3n y posteriormente lo pusieron a disposici\u00f3n de la FGEO.<\/p>\n<p>La Fiscal\u00eda de Oaxaca comunic\u00f3 la imputaci\u00f3n y solicit\u00f3 la vinculaci\u00f3n a proceso de C. M. C., el imputado y su defensa se acogieron al t\u00e9rmino constitucional, por lo que, con fecha 20 de abril se resolver\u00e1 su situaci\u00f3n jur\u00eddica.<\/p>\n<p>Las agresiones en contra de las mujeres por raz\u00f3n de g\u00e9nero son parte de la agenda prioritaria de la Fiscal\u00eda General del Estado de Oaxaca, por lo que un equipo especializado en la materia realiza las investigaciones en torno a los casos para permitir que las v\u00edctimas directas e indirectas tenga acceso pleno&nbsp;a&nbsp;la&nbsp;justicia.<\/p>\n","protected":false},"excerpt":{"rendered":"<p>Redacci\u00f3n\/Zona Roja. Oaxaca de Ju\u00e1rez, Oax., a 17 de abril de 2023.- La Fiscal\u00eda General&hellip;<\/p>\n","protected":false},"author":2,"featured_media":54107,"comment_status":"closed","ping_status":"open","sticky":false,"template":"","format":"standard","meta":{"_lmt_disableupdate":"","_lmt_disable":"","_jetpack_memberships_contains_paid_content":false,"footnotes":""},"categories":[109,46],"tags":[494],"class_list":["post-54189","post","type-post","status-publish","format-standard","has-post-thumbnail","hentry","category-minuto-a-minuto","category-zona-blanca","tag-fiscalia-general-del-estado-de-oaxaca"],"jetpack_featured_media_url":"https:\/\/zonaroja.com.mx\/wp-content\/uploads\/2023\/04\/0ea037b1-cd6a-4826-873c-d85dabad1936.jpg","jetpack_sharing_enabled":true,"_links":{"self":[{"href":"https:\/\/zonaroja.com.mx\/index.php?rest_route=\/wp\/v2\/posts\/54189","targetHints":{"allow":["GET"]}}],"collection":[{"href":"https:\/\/zonaroja.com.mx\/index.php?rest_route=\/wp\/v2\/posts"}],"about":[{"href":"https:\/\/zonaroja.com.mx\/index.php?rest_route=\/wp\/v2\/types\/post"}],"author":[{"embeddable":true,"href":"https:\/\/zonaroja.com.mx\/index.php?rest_route=\/wp\/v2\/users\/2"}],"replies":[{"embeddable":true,"href":"https:\/\/zonaroja.com.mx\/index.php?rest_route=%2Fwp%2Fv2%2Fcomments&post=54189"}],"version-history":[{"count":2,"href":"https:\/\/zonaroja.com.mx\/index.php?rest_route=\/wp\/v2\/posts\/54189\/revisions"}],"predecessor-version":[{"id":54194,"href":"https:\/\/zonaroja.com.mx\/index.php?rest_route=\/wp\/v2\/posts\/54189\/revisions\/54194"}],"wp:featuredmedia":[{"embeddable":true,"href":"https:\/\/zonaroja.com.mx\/index.php?rest_route=\/wp\/v2\/media\/54107"}],"wp:attachment":[{"href":"https:\/\/zonaroja.com.mx\/index.php?rest_route=%2Fwp%2Fv2%2Fmedia&parent=54189"}],"wp:term":[{"taxonomy":"category","embeddable":true,"href":"https:\/\/zonaroja.com.mx\/index.php?rest_route=%2Fwp%2Fv2%2Fcategories&post=54189"},{"taxonomy":"post_tag","embeddable":true,"href":"https:\/\/zonaroja.com.mx\/index.php?rest_route=%2Fwp%2Fv2%2Ftags&post=54189"}],"curies":[{"name":"wp","href":"https:\/\/api.w.org\/{rel}","templated":true}]}}