{"id":54199,"date":"2023-04-17T23:15:20","date_gmt":"2023-04-18T04:15:20","guid":{"rendered":"http:\/\/www.zonaroja.com.mx\/?p=54199"},"modified":"2023-04-17T23:16:06","modified_gmt":"2023-04-18T04:16:06","slug":"54199","status":"publish","type":"post","link":"https:\/\/zonaroja.com.mx\/?p=54199","title":{"rendered":"Fortalece Santa Cruz Xoxocotl\u00e1n las acciones de prevenci\u00f3n del delito"},"content":{"rendered":"<p>Redacci\u00f3n\/Zona Roja.<\/p>\n<p>Oaxaca de Ju\u00e1rez, Oax., a 17 de abril de 2023.- Como parte de la estrategia que desarrolla el gobierno municipal que encabeza el doctor Inocente Castellanos Alejos y, con la asistencia de m\u00e1s de 350 alumnas y alumnos de instituciones de educaci\u00f3n de los niveles b\u00e1sico, medio superior y superior, este lunes se realiz\u00f3 con gran \u00e9xito la Primera Expo Feria de la Prevenci\u00f3n del Delito Xoxocotl\u00e1n 2023.<\/p>\n<p>Fue organizada por la Comisi\u00f3n Seguridad P\u00fablica, Vialidad y Protecci\u00f3n Civil, en la que participaron 18 instituciones de los tres ordenes de Gobierno involucradas en el tema.<\/p>\n<p>En el marco de la inauguraci\u00f3n y en representaci\u00f3n de edil, Inocente Castellanos Alejos, el maestro Eric Enmanuel Ortiz Hern\u00e1ndez, presidente honorario del DIF Municipal, celebr\u00f3 la organizaci\u00f3n de este evento y manifest\u00f3 el inter\u00e9s de las autoridades de que Xoxo sea una comunidad segura y donde el fomento a los valores, la educaci\u00f3n y la cultura preventiva, contribuyan al desarrollo de generaciones ciudadanas con alta responsabilidad y respeto a la ley.<\/p>\n<p>La actividad result\u00f3 de gran aprendizaje para los estudiantes que asistieron, pues la Feria cont\u00f3 con talleres y conferencias donde se abordaron temas como la prevenci\u00f3n de accidentes en casa, el cumplimiento al reglamento de tr\u00e1nsito, las medidas que se deben tomar para cuidarse del acoso sexual y la violencia de g\u00e9nero, as\u00ed como lo referente a las adicciones.<\/p>\n<p>Con la participaci\u00f3n de la Guardia Nacional, los asistentes conocieron sobre los protocolos a seguir en las v\u00edas de comunicaci\u00f3n federales. Por su parte, la Polic\u00eda Vial Estatal proporcion\u00f3 el taller de 0 alcohol al volante, apoyados de gokart\u00b4s y visores especiales con los que mostraron los efectos negativos de conducir bajo los efectos de sustancias psicotr\u00f3picas y embriagantes.<\/p>\n<p>De su lado, el Heroico Cuerpo de Bomberos de Oaxaca, exhibi\u00f3 el equipo de seguridad que se utiliza cuando se acude a sofocar alg\u00fan incendio, al igual que las diferentes formas de prevenir alguno. La Polic\u00eda Estatal junto al Grupo de Binomios Caninos, mostr\u00f3 la coordinaci\u00f3n con la que trabajan estos elementos para la detecci\u00f3n de sustancias il\u00edcitas y en la detenci\u00f3n de posibles infractores.<\/p>\n<div class=\"twitter-tweet\">\n<blockquote class=\"twitter-tweet\" data-lang=\"es\">\n<p lang=\"es\" dir=\"ltr\">El <a href=\"https:\/\/twitter.com\/GobXoxocotlan?ref_src=twsrc%5Etfw\">@GobXoxocotlan<\/a> que preside <a href=\"https:\/\/twitter.com\/DrCCastellanos?ref_src=twsrc%5Etfw\">@DrCCastellanos<\/a> inici\u00f3 este lunes la Primera Expo Feria de Prevenci\u00f3n del Delito, en coordinaci\u00f3n con los tres niveles de gobierno, con la finalidad de seguir desalentando la comisi\u00f3n de actos delictivos, adem\u00e1s de fortalecer la seguridad en el\u2026 <a href=\"https:\/\/t.co\/xQji3PTZWH\">pic.twitter.com\/xQji3PTZWH<\/a><\/p>\n<p>&mdash; Zona Roja Oaxaca (@ZonaRoja_Oaxaca) <a href=\"https:\/\/twitter.com\/ZonaRoja_Oaxaca\/status\/1648018808756645888?ref_src=twsrc%5Etfw\">17 de abril de 2023<\/a><\/p><\/blockquote>\n<\/div>\n<p>Tras su participaci\u00f3n en la conferencia ma\u00f1anera con el gobernador, Salom\u00f3n Jara Cruz, el presidente municipal, Inocente Castellanos, se uni\u00f3 a la Feria de la Prevenci\u00f3n del Delito, donde al observar el entusiasmo con el que participaban los infantes y adolescentes, se sum\u00f3 a los grupos que recorr\u00edan los stands para junto con ellos aprender m\u00e1s de la prevenci\u00f3n.<\/p>\n<p>Ante los presentes, el edil reiter\u00f3 el inter\u00e9s de su Gobierno por dise\u00f1ar acciones que inhiban las conductas delictivas, pero tambi\u00e9n que coadyuven a la protecci\u00f3n de las familias, quienes, a trav\u00e9s de las y los ni\u00f1os y adolescentes, conocer\u00e1n las bondades del trabajo coordinado que realizan los tres niveles de gobierno a favor de la prevenci\u00f3n del delito,<\/p>\n<p>\u201cEn Xoxo no daremos tregua a la delincuencia, esta comunidad merece vivir con tranquilidad, por eso realizamos esfuerzos junto a instituciones de los gobiernos estatal y federal y transmitimos todo este conocimiento que los especialistas en seguridad, protecci\u00f3n civil y unidades de auxilio a la poblaci\u00f3n realizan, porque unidos avanzamos todos hacia la construcci\u00f3n de un futuro de paz para nuestro pueblo\u201d, expres\u00f3.<\/p>\n<p>El doctor \u201cChente\u201d Castellanos invit\u00f3 a la poblaci\u00f3n xoxe\u00f1a a participar en la segunda edici\u00f3n de esta Expo Feria de la Prevenci\u00f3n del Delito 2023, misma que se llevar\u00e1 a cabo este pr\u00f3ximo mi\u00e9rcoles 19 de abril a partir de las 9:00 am en las canchas de la colonia La Soledad.<\/p>\n","protected":false},"excerpt":{"rendered":"<p>Redacci\u00f3n\/Zona Roja. Oaxaca de Ju\u00e1rez, Oax., a 17 de abril de 2023.- Como parte de&hellip;<\/p>\n","protected":false},"author":2,"featured_media":54200,"comment_status":"closed","ping_status":"open","sticky":false,"template":"","format":"standard","meta":{"_lmt_disableupdate":"","_lmt_disable":"","_jetpack_memberships_contains_paid_content":false,"footnotes":""},"categories":[109,46],"tags":[133],"class_list":["post-54199","post","type-post","status-publish","format-standard","has-post-thumbnail","hentry","category-minuto-a-minuto","category-zona-blanca","tag-santa-cruz-xoxocotlan"],"jetpack_featured_media_url":"https:\/\/zonaroja.com.mx\/wp-content\/uploads\/2023\/04\/Inocente-Castellanos-Xoxocotlan.jpg","jetpack_sharing_enabled":true,"_links":{"self":[{"href":"https:\/\/zonaroja.com.mx\/index.php?rest_route=\/wp\/v2\/posts\/54199","targetHints":{"allow":["GET"]}}],"collection":[{"href":"https:\/\/zonaroja.com.mx\/index.php?rest_route=\/wp\/v2\/posts"}],"about":[{"href":"https:\/\/zonaroja.com.mx\/index.php?rest_route=\/wp\/v2\/types\/post"}],"author":[{"embeddable":true,"href":"https:\/\/zonaroja.com.mx\/index.php?rest_route=\/wp\/v2\/users\/2"}],"replies":[{"embeddable":true,"href":"https:\/\/zonaroja.com.mx\/index.php?rest_route=%2Fwp%2Fv2%2Fcomments&post=54199"}],"version-history":[{"count":2,"href":"https:\/\/zonaroja.com.mx\/index.php?rest_route=\/wp\/v2\/posts\/54199\/revisions"}],"predecessor-version":[{"id":54202,"href":"https:\/\/zonaroja.com.mx\/index.php?rest_route=\/wp\/v2\/posts\/54199\/revisions\/54202"}],"wp:featuredmedia":[{"embeddable":true,"href":"https:\/\/zonaroja.com.mx\/index.php?rest_route=\/wp\/v2\/media\/54200"}],"wp:attachment":[{"href":"https:\/\/zonaroja.com.mx\/index.php?rest_route=%2Fwp%2Fv2%2Fmedia&parent=54199"}],"wp:term":[{"taxonomy":"category","embeddable":true,"href":"https:\/\/zonaroja.com.mx\/index.php?rest_route=%2Fwp%2Fv2%2Fcategories&post=54199"},{"taxonomy":"post_tag","embeddable":true,"href":"https:\/\/zonaroja.com.mx\/index.php?rest_route=%2Fwp%2Fv2%2Ftags&post=54199"}],"curies":[{"name":"wp","href":"https:\/\/api.w.org\/{rel}","templated":true}]}}