{"id":54204,"date":"2023-04-18T12:08:16","date_gmt":"2023-04-18T17:08:16","guid":{"rendered":"http:\/\/www.zonaroja.com.mx\/?p=54204"},"modified":"2023-04-18T12:47:53","modified_gmt":"2023-04-18T17:47:53","slug":"54204","status":"publish","type":"post","link":"https:\/\/zonaroja.com.mx\/?p=54204","title":{"rendered":"Van 185 personas asesinadas en Sud\u00e1n, en combates entre ej\u00e9rcito y paramilitares"},"content":{"rendered":"<p>Redacci\u00f3n\/Zona Roja Cdmx.<\/p>\n<p>Ciudad de M\u00e9xico, a 18 de abril de 2023.- Al menos 185 personas murieron y mil 800 resultaron heridas en los \u00faltimos tres d\u00edas en los combates entre el ej\u00e9rcito y un grupo paramilitar que se disputan el poder en Sud\u00e1n, inform\u00f3 ayer el jefe de la misi\u00f3n de la Organizaci\u00f3n de Naciones Unidas (ONU) en el pa\u00eds, Volker Perthes, en una jornada en la que la Organizaci\u00f3n de Naciones Unidas (ONU), Estados Unidos y la Uni\u00f3n Europea (UE) llamaron a un alto el fuego.<\/p>\n<p>En el cielo de Jartum los aviones del general Abdel Fatah Burhan, l\u00edder de facto del pa\u00eds desde el golpe de Estado de 2021, intentan imponerse al fuego de los blindados de los paramilitares de las Fuerzas de Apoyo R\u00e1pido (RSF), dirigidos por su n\u00famero dos, general Mohamed Hamdan Daglo, conocido como Hemedti.<\/p>\n<p>Durante la asonada, Hemedti y Burhan unieron fuerzas contra el primer ministro Abdala Hamdok, quien asumi\u00f3 el cargo tras un acuerdo entre militares y civiles tras el derrocamiento en 2019 del entonces presidente, Omar Bashir. Pero la rivalidad entre los dos generales acab\u00f3 en violencia el s\u00e1bado.<\/p>\n<p>Burhan orden\u00f3 ayer la disoluci\u00f3n de las RSF y las catalog\u00f3 de \u201cgrupo rebelde\u201d. Por su parte, Hemedeti acusa al jefe del ej\u00e9rcito de ser \u201cun islamita radical\u201d que \u201cdesea mantener a Sud\u00e1n aislado, en la oscuridad y lejos de la democracia\u201d.<\/p>\n<p>Desde el s\u00e1bado no han cesado los tiroteos y la aviaci\u00f3n apunta, en pleno centro de Jartum, al cuartel general de las RSF, grupo de ex milicianos que particip\u00f3 en la guerra de la regi\u00f3n de Darfur y luego se convirti\u00f3 en refuerzos oficiales del ej\u00e9rcito.<\/p>\n<p>\u201cBurhan est\u00e1 bombardeando a civiles desde el aire; lo perseguiremos y lo llevaremos ante la justicia\u201d, public\u00f3 en ingl\u00e9s el general Daglo en Twitter. En tanto, el ej\u00e9rcito afirm\u00f3 en Facebook que se est\u00e1 \u201cacercando el momento de la victoria final\u201d.<\/p>\n<p>Hasta ayer era imposible saber qui\u00e9n controlaba qu\u00e9, indic\u00f3 la agencia noticiosa Afp. Las RSF aseguraron haber tomado el aeropuerto y entrado en el palacio presidencial, lo que el ej\u00e9rcito neg\u00f3.<\/p>\n<p>Las fuerzas armadas dicen tener en sus manos el cuartel general de su Estado Mayor, uno de los principales complejos de poder de Jartum. La televisi\u00f3n estatal emite im\u00e1genes y declaraciones del ej\u00e9rcito, que afirma haber recuperado terreno en muchos lugares.<\/p>\n<p>Al menos dos hospitales de la capital fueron evacuados \u201cmientras los cohetes y las balas impactaban en sus paredes\u201d, alertaron los m\u00e9dicos, que afirman haberse quedado sin bolsas de sangre y sin material sanitario.<\/p>\n<p>Los habitantes siguen atrincherados en sus casas, la mayor\u00eda sin agua corriente ni electricidad.<\/p>\n<p>Numerosas ONG y agencias de la ONU suspendieron sus actividades ante los saqueos y las \u201cgraves vulneraciones\u201d cometidas contra su personal. La UE denunci\u00f3 que su embajador Aidan O\u2019Hara \u201cfue agredido en su residencia\u201d.<\/p>\n<p>\u201cO\u2019Hara esta bien\u201d, coment\u00f3 a la agencia Afp Nabila Massrali, portavoz del servicio diplom\u00e1tico de la UE, quien precis\u00f3 que la delegaci\u00f3n no fue desalojada. Antes, el jefe de la diplomacia del bloque, Josep Borrell, inform\u00f3 del ataque y record\u00f3 que las autoridades sudanesas tienen la \u201cobligaci\u00f3n\u201d de garantizar la seguridad de las instalaciones diplom\u00e1ticas y de sus representantes.<\/p>\n<p>M\u00e1s de 185 personas murieron y mil 800 resultaron heridas desde que empezaron los choques, detall\u00f3 el jefe de la misi\u00f3n de la ONU en el pa\u00eds, Volker Perthes, quien alert\u00f3 que los combates se \u201cintensificaron\u201d ayer.<\/p>\n<p>\u201cLa situaci\u00f3n es muy cambiante. Es dif\u00edcil evaluar en qu\u00e9 sentido evoluciona\u201d, declar\u00f3 Perthes a la prensa desde Jartum. Ninguno de las dos partes ha comunicado sus p\u00e9rdidas.<\/p>\n<p>Estados Unidos, la UE y Reino Unido pidieron el \u201cfin inmediato\u201d de la violencia, como ya hicieron el fin de semana la Liga \u00c1rabe y la Uni\u00f3n Africana.<\/p>\n<p>El secretario general de la ONU, Antonio Guterres, inst\u00f3 a los dos generales a cesar \u201cde inmediato las hostilidades\u201d, que podr\u00edan ser \u201cdevastadoras para el pa\u00eds y toda la regi\u00f3n\u201d.<\/p>\n<p>Los tres miembros africanos del Consejo de Seguridad (Ghana, Gab\u00f3n y Mozambique) hicieron una declaraci\u00f3n com\u00fan al t\u00e9rmino de la reuni\u00f3n a puertas cerradas del Consejo de Seguridad en la que pidieron un \u201calto el fuego inmediato\u201d.<\/p>\n<p>(Informaci\u00f3n de agencias en \u201cLa Jornada\u201d)<\/p>\n","protected":false},"excerpt":{"rendered":"<p>Redacci\u00f3n\/Zona Roja Cdmx. Ciudad de M\u00e9xico, a 18 de abril de 2023.- Al menos 185&hellip;<\/p>\n","protected":false},"author":2,"featured_media":54207,"comment_status":"closed","ping_status":"open","sticky":false,"template":"","format":"standard","meta":{"_lmt_disableupdate":"","_lmt_disable":"","_jetpack_memberships_contains_paid_content":false,"footnotes":""},"categories":[109,47],"tags":[3511],"class_list":["post-54204","post","type-post","status-publish","format-standard","has-post-thumbnail","hentry","category-minuto-a-minuto","category-zona-gris","tag-sudan"],"jetpack_featured_media_url":"https:\/\/zonaroja.com.mx\/wp-content\/uploads\/2023\/04\/Violencia-Sudan-enfrentamientos.jpeg","jetpack_sharing_enabled":true,"_links":{"self":[{"href":"https:\/\/zonaroja.com.mx\/index.php?rest_route=\/wp\/v2\/posts\/54204","targetHints":{"allow":["GET"]}}],"collection":[{"href":"https:\/\/zonaroja.com.mx\/index.php?rest_route=\/wp\/v2\/posts"}],"about":[{"href":"https:\/\/zonaroja.com.mx\/index.php?rest_route=\/wp\/v2\/types\/post"}],"author":[{"embeddable":true,"href":"https:\/\/zonaroja.com.mx\/index.php?rest_route=\/wp\/v2\/users\/2"}],"replies":[{"embeddable":true,"href":"https:\/\/zonaroja.com.mx\/index.php?rest_route=%2Fwp%2Fv2%2Fcomments&post=54204"}],"version-history":[{"count":2,"href":"https:\/\/zonaroja.com.mx\/index.php?rest_route=\/wp\/v2\/posts\/54204\/revisions"}],"predecessor-version":[{"id":54225,"href":"https:\/\/zonaroja.com.mx\/index.php?rest_route=\/wp\/v2\/posts\/54204\/revisions\/54225"}],"wp:featuredmedia":[{"embeddable":true,"href":"https:\/\/zonaroja.com.mx\/index.php?rest_route=\/wp\/v2\/media\/54207"}],"wp:attachment":[{"href":"https:\/\/zonaroja.com.mx\/index.php?rest_route=%2Fwp%2Fv2%2Fmedia&parent=54204"}],"wp:term":[{"taxonomy":"category","embeddable":true,"href":"https:\/\/zonaroja.com.mx\/index.php?rest_route=%2Fwp%2Fv2%2Fcategories&post=54204"},{"taxonomy":"post_tag","embeddable":true,"href":"https:\/\/zonaroja.com.mx\/index.php?rest_route=%2Fwp%2Fv2%2Ftags&post=54204"}],"curies":[{"name":"wp","href":"https:\/\/api.w.org\/{rel}","templated":true}]}}