{"id":54215,"date":"2023-04-18T08:31:52","date_gmt":"2023-04-18T13:31:52","guid":{"rendered":"http:\/\/www.zonaroja.com.mx\/?p=54215"},"modified":"2023-04-18T08:33:01","modified_gmt":"2023-04-18T13:33:01","slug":"54215","status":"publish","type":"post","link":"https:\/\/zonaroja.com.mx\/?p=54215","title":{"rendered":"Suman dos lomitos atacados con sa\u00f1a en Oaxaca; la Fiscal\u00eda inicia indagatorias"},"content":{"rendered":"<p>Redacci\u00f3n\/Zona Roja.<\/p>\n<p>Oaxaca de Ju\u00e1rez, Oax., a 18 de abril de 2023.- Adem\u00e1s de \u201cZeuz\u201d, atacado en los ojos en Santa Mar\u00eda Atzompa, otro perro fue tambi\u00e9n da\u00f1ado de la misma manera, pero deambula en la ciudad de Oaxaca sin ser atendido, reportaron asociaciones en defensa de animales.<\/p>\n<p>En el caso de \u201cZeuz\u201d, fue agredido por personas desconocidas y abandonado en las calles, por lo cual fue atendido por diversas personas.<\/p>\n<p>Ayer, la activista Aleida Ruiz Sosa inform\u00f3 que se realiz\u00f3 una colecta para la cirug\u00eda del perrito<span class=\"Apple-converted-space\">&nbsp;<\/span><\/p>\n<p>\u201c\u00a1Ya<span class=\"Apple-converted-space\">&nbsp; <\/span>se logr\u00f3 conseguir el dinero necesario para su cirug\u00eda! Aunque por el momento se ha retrasado debido a que a\u00fan tiene sus p\u00e1rpados muy inflamados pero me han comentado que de igual manera ya se est\u00e1 tratando con la intenci\u00f3n de que su situaci\u00f3n no empeore y que cuanto antes se pueda realizar su operaci\u00f3n\u201d, inform\u00f3 la bailarina, v\u00eda redes sociales.<\/p>\n<p>Tambi\u00e9n coment\u00f3:<\/p>\n<p>\u201cPor otro lado quisiera pedirles su apoyo para buscar a este otro #lomito quien tambi\u00e9n fue lastimado en uno de sus ojitos, algo les entierran en los ojos (\u00bfhabr\u00e1 un loco suelto? ) por la misma agresi\u00f3n que sufri\u00f3 \u2018Zeus\u2019. \u00a1Es urgente encontrarlo! \u2018Patitas Felices\u2019 Oaxaca tiene<span class=\"Apple-converted-space\">&nbsp; <\/span>la intenci\u00f3n de hallarlo y a trav\u00e9s de un sedante poderlo tranquilizar para darle atenci\u00f3n m\u00e9dica y salvar su vida.<span class=\"Apple-converted-space\">&nbsp;<\/span><\/p>\n<p>\u201cHoy lo encontraron pero no s\u00e9 dej\u00f3 agarrar. Si alguien lo ve y lo logra resguardar avise.<span class=\"Apple-converted-space\">&nbsp; <\/span>Se ha reportado que lo han visto dando vueltas por la Central de Abastos, si alguien lo ve, les pido por favor tratar de calmarlo, mantenerlo en el lugar y avisar de manera inmediata\u201d.<span class=\"Apple-converted-space\">&nbsp;<\/span><\/p>\n<p>INDAGA FISCAL\u00cdA<\/p>\n<p>La Fiscal\u00eda General del Estado de Oaxaca (FGEO) inici\u00f3 una carpeta de investigaci\u00f3n, luego de que se diera a conocer una noticia sobre maltrato animal en contra de un perro, en hechos ocurridos en Santa Mar\u00eda Atzompa.<\/p>\n<p>Gracias a la denuncia ciudadana efectuada a trav\u00e9s de redes sociales, la FGEO identific\u00f3 que un animal vertebrado al que nombraron \u201cZeus\u201d, fue presumiblemente agredido f\u00edsicamente, provoc\u00e1ndole lesiones severas, por lo cual se realizan indagatorias para dar con quien o quienes resulten responsables por estos hechos.<\/p>\n<p>La FGEO ha iniciado 126 carpetas de investigaci\u00f3n entre 2022 y lo que va de 2023 (106 y 20, respectivamente) por el delito de Crueldad y Agon\u00eda a un animal vertebrado.<\/p>\n<p>Cabe destacar que el maltrato animal es un delito tipificado en el C\u00f3digo Penal de Oaxaca, por lo que la Fiscal\u00eda aborda estos casos con la seriedad que requieren para evitar que este tipo de agresiones&nbsp;se&nbsp;repita.<\/p>\n","protected":false},"excerpt":{"rendered":"<p>Redacci\u00f3n\/Zona Roja. Oaxaca de Ju\u00e1rez, Oax., a 18 de abril de 2023.- Adem\u00e1s de \u201cZeuz\u201d,&hellip;<\/p>\n","protected":false},"author":2,"featured_media":54206,"comment_status":"closed","ping_status":"open","sticky":false,"template":"","format":"standard","meta":{"_lmt_disableupdate":"","_lmt_disable":"","_jetpack_memberships_contains_paid_content":false,"footnotes":""},"categories":[109,47],"tags":[494],"class_list":["post-54215","post","type-post","status-publish","format-standard","has-post-thumbnail","hentry","category-minuto-a-minuto","category-zona-gris","tag-fiscalia-general-del-estado-de-oaxaca"],"jetpack_featured_media_url":"https:\/\/zonaroja.com.mx\/wp-content\/uploads\/2023\/04\/Zeuz-Fiscalia-lomito-perro.png","jetpack_sharing_enabled":true,"_links":{"self":[{"href":"https:\/\/zonaroja.com.mx\/index.php?rest_route=\/wp\/v2\/posts\/54215","targetHints":{"allow":["GET"]}}],"collection":[{"href":"https:\/\/zonaroja.com.mx\/index.php?rest_route=\/wp\/v2\/posts"}],"about":[{"href":"https:\/\/zonaroja.com.mx\/index.php?rest_route=\/wp\/v2\/types\/post"}],"author":[{"embeddable":true,"href":"https:\/\/zonaroja.com.mx\/index.php?rest_route=\/wp\/v2\/users\/2"}],"replies":[{"embeddable":true,"href":"https:\/\/zonaroja.com.mx\/index.php?rest_route=%2Fwp%2Fv2%2Fcomments&post=54215"}],"version-history":[{"count":2,"href":"https:\/\/zonaroja.com.mx\/index.php?rest_route=\/wp\/v2\/posts\/54215\/revisions"}],"predecessor-version":[{"id":54218,"href":"https:\/\/zonaroja.com.mx\/index.php?rest_route=\/wp\/v2\/posts\/54215\/revisions\/54218"}],"wp:featuredmedia":[{"embeddable":true,"href":"https:\/\/zonaroja.com.mx\/index.php?rest_route=\/wp\/v2\/media\/54206"}],"wp:attachment":[{"href":"https:\/\/zonaroja.com.mx\/index.php?rest_route=%2Fwp%2Fv2%2Fmedia&parent=54215"}],"wp:term":[{"taxonomy":"category","embeddable":true,"href":"https:\/\/zonaroja.com.mx\/index.php?rest_route=%2Fwp%2Fv2%2Fcategories&post=54215"},{"taxonomy":"post_tag","embeddable":true,"href":"https:\/\/zonaroja.com.mx\/index.php?rest_route=%2Fwp%2Fv2%2Ftags&post=54215"}],"curies":[{"name":"wp","href":"https:\/\/api.w.org\/{rel}","templated":true}]}}