{"id":54219,"date":"2023-04-18T12:44:22","date_gmt":"2023-04-18T17:44:22","guid":{"rendered":"http:\/\/www.zonaroja.com.mx\/?p=54219"},"modified":"2023-04-18T12:48:20","modified_gmt":"2023-04-18T17:48:20","slug":"54219","status":"publish","type":"post","link":"https:\/\/zonaroja.com.mx\/?p=54219","title":{"rendered":"Respalda el Poder Judicial estrategias para fortalecer la equidad de g\u00e9nero"},"content":{"rendered":"<p>Redacci\u00f3n\/Zona Roja.<\/p>\n<p>Oaxaca de Ju\u00e1rez, Oax., a 18 de abril de 2023.- En la administraci\u00f3n del magistrado Eduardo Pinacho S\u00e1nchez, al frente del Poder Judicial del Estado,&nbsp;se han&nbsp;emprendido diferentes actividades&nbsp;y estrategias&nbsp;para la consolidaci\u00f3n de una instituci\u00f3n con perspectiva de g\u00e9nero y apegada a derecho, tanto en sus funciones jurisdiccionales como administrativas.<\/p>\n<p>Dentro de esta labor, recientemente el presidente del Tribunal Superior de Justicia y del Consejo de la Judicatura tom\u00f3 protesta como integrante del&nbsp;Sistema Estatal&nbsp;para la Igualdad entre Mujeres y Hombres del Estado,&nbsp;instancia colegiada&nbsp;que&nbsp;tiene&nbsp;entre sus&nbsp;objetivos&nbsp;la&nbsp;coordinaci\u00f3n de&nbsp;acciones&nbsp;para&nbsp;el empoderamiento de las mujeres y la eliminaci\u00f3n de la discriminaci\u00f3n,&nbsp;como lo establece&nbsp;la Ley de Igualdad entre Mujeres y Hombres.<\/p>\n<p>En el marco del evento protocolario presidido por el&nbsp;Gobernador del Estado,&nbsp;Salom\u00f3n Jara Cruz&nbsp;y la&nbsp;presidenta del Instituto Nacional de las Mujeres (Inmujeres),&nbsp;Nadine&nbsp;GasmanZylbermann,&nbsp;el&nbsp;titular del Poder Judicial&nbsp;firm\u00f3&nbsp;los compromisos por la Igualdad y Bienestar de las Mujeres, los cuales convocan a trabajar en el cumplimiento de la pol\u00edtica nacional, estatal y municipal de igualdad para el bienestar de las mujeres y ni\u00f1as, el ejercicio de sus derechos y el acceso a una vida libre de violencia.<\/p>\n<p>El magistrado Pinacho S\u00e1nchez, resalt\u00f3 el compromiso delTribunal Superior de Justicia y el Consejo de la Judicatura,&nbsp;de fortalecer&nbsp;instrumentos, pol\u00edticas, servicios y acciones&nbsp;que garanticen&nbsp;el acceso efectivo a&nbsp;la justicia&nbsp;como&nbsp;un derecho fundamental en una&nbsp;sociedad democr\u00e1tica, participativa e igualitaria.<\/p>\n<p>Por otra parte,&nbsp;con la instalaci\u00f3n del&nbsp;Comit\u00e9 de Coordinaci\u00f3n para el Cumplimiento de la Sentencia de la Controversia Constitucional121\/2012,&nbsp;que restituye 162 mil hect\u00e1reas a la comunidad zoque en los municipios de San Miguel y Santa&nbsp;Mar\u00eda Chimalapa, el titular del Poder Judicial tom\u00f3 protesta como integrante del mismo, para colaborar, desde el \u00e1mbito de sus&nbsp;responsabilidades y competencias, en la restauraci\u00f3n de la paz social en esta zona de la entidad.<\/p>\n","protected":false},"excerpt":{"rendered":"<p>Redacci\u00f3n\/Zona Roja. Oaxaca de Ju\u00e1rez, Oax., a 18 de abril de 2023.- En la administraci\u00f3n&hellip;<\/p>\n","protected":false},"author":2,"featured_media":54205,"comment_status":"closed","ping_status":"open","sticky":false,"template":"","format":"standard","meta":{"_lmt_disableupdate":"","_lmt_disable":"","_jetpack_memberships_contains_paid_content":false,"footnotes":""},"categories":[109,46],"tags":[223],"class_list":["post-54219","post","type-post","status-publish","format-standard","has-post-thumbnail","hentry","category-minuto-a-minuto","category-zona-blanca","tag-poder-judicial-de-oaxaca"],"jetpack_featured_media_url":"https:\/\/zonaroja.com.mx\/wp-content\/uploads\/2023\/04\/Pode-Judicial-Oaxaca.jpg","jetpack_sharing_enabled":true,"_links":{"self":[{"href":"https:\/\/zonaroja.com.mx\/index.php?rest_route=\/wp\/v2\/posts\/54219","targetHints":{"allow":["GET"]}}],"collection":[{"href":"https:\/\/zonaroja.com.mx\/index.php?rest_route=\/wp\/v2\/posts"}],"about":[{"href":"https:\/\/zonaroja.com.mx\/index.php?rest_route=\/wp\/v2\/types\/post"}],"author":[{"embeddable":true,"href":"https:\/\/zonaroja.com.mx\/index.php?rest_route=\/wp\/v2\/users\/2"}],"replies":[{"embeddable":true,"href":"https:\/\/zonaroja.com.mx\/index.php?rest_route=%2Fwp%2Fv2%2Fcomments&post=54219"}],"version-history":[{"count":2,"href":"https:\/\/zonaroja.com.mx\/index.php?rest_route=\/wp\/v2\/posts\/54219\/revisions"}],"predecessor-version":[{"id":54226,"href":"https:\/\/zonaroja.com.mx\/index.php?rest_route=\/wp\/v2\/posts\/54219\/revisions\/54226"}],"wp:featuredmedia":[{"embeddable":true,"href":"https:\/\/zonaroja.com.mx\/index.php?rest_route=\/wp\/v2\/media\/54205"}],"wp:attachment":[{"href":"https:\/\/zonaroja.com.mx\/index.php?rest_route=%2Fwp%2Fv2%2Fmedia&parent=54219"}],"wp:term":[{"taxonomy":"category","embeddable":true,"href":"https:\/\/zonaroja.com.mx\/index.php?rest_route=%2Fwp%2Fv2%2Fcategories&post=54219"},{"taxonomy":"post_tag","embeddable":true,"href":"https:\/\/zonaroja.com.mx\/index.php?rest_route=%2Fwp%2Fv2%2Ftags&post=54219"}],"curies":[{"name":"wp","href":"https:\/\/api.w.org\/{rel}","templated":true}]}}