{"id":54221,"date":"2023-04-18T12:51:14","date_gmt":"2023-04-18T17:51:14","guid":{"rendered":"http:\/\/www.zonaroja.com.mx\/?p=54221"},"modified":"2023-04-18T16:15:23","modified_gmt":"2023-04-18T21:15:23","slug":"54221","status":"publish","type":"post","link":"https:\/\/zonaroja.com.mx\/?p=54221","title":{"rendered":"Tras cuatro d\u00e9cadas en el olvido, rehabilitan escuela de Santa Luc\u00eda del Camino"},"content":{"rendered":"<p>Redacci\u00f3n\/Zona Roja.<\/p>\n<p>Oaxaca de Ju\u00e1rez, Oax., a 18 de abril de 2023.- El ayuntamiento de Santa Luc\u00eda del Camino sigue atendiendo las problem\u00e1ticas sociales, culturales y educativas que hab\u00edan estado en el olvido; tal es el caso de la escuela primaria matutina \u201cJusto Sierra\u201d y vespertina \u201cCuauht\u00e9moc\u201d, cuyo inmueble hab\u00eda estado sin remodelar por m\u00e1s de cuatro d\u00e9cadas.<\/p>\n<p>La administraci\u00f3n encabezada por el presidente municipal Juan Carlos Garc\u00eda M\u00e1rquez, realiz\u00f3 una rehabilitaci\u00f3n hist\u00f3rica del inmueble que alberga a ambas escuelas, y con la cual se estar\u00eda beneficiando a 700 estudiantes de ambos turnos, y a m\u00e1s de 500 padres de familia.<\/p>\n<p>\u201cFue un proceso complicado esta rehabilitaci\u00f3n, principalmente para conseguir esa gesti\u00f3n y que se lograra una rehabilitaci\u00f3n total en esta escuela que llevaba 40 a\u00f1os sin haber sido tocada, y que en alg\u00fan momento que la recorrimos pudimos constatar el estado deplorable en que se encontraban las instalaciones\u201d, declar\u00f3 el edil de Santa Luc\u00eda del Camino.<\/p>\n<p>Agreg\u00f3, que el reto de su administraci\u00f3n era lograr la gesti\u00f3n para la rehabilitaci\u00f3n de la escuela primaria \u201cJusto Sierra\u201d, y hoy en d\u00eda es posible por el trabajo en equipo entre el ayuntamiento, las y los padres de familia, y el director de la instituci\u00f3n, Jaime G\u00f3mez Ni\u00f1o.<\/p>\n<div class=\"twitter-tweet\">\n<blockquote class=\"twitter-tweet\" data-lang=\"es\">\n<p lang=\"es\" dir=\"ltr\">Los 700 estudiantes que albergan los tres turnos de la Escuela Primaria &quot;Justo Sierra&quot;, ahora cuentan con una educaci\u00f3n digna, gracias al compromiso del presidente municipal del <a href=\"https:\/\/twitter.com\/SantaLucia_Ayto?ref_src=twsrc%5Etfw\">@SantaLucia_Ayto<\/a>, Juan Carlos Garc\u00eda M\u00e1rquez (<a href=\"https:\/\/twitter.com\/JC_GMarquez?ref_src=twsrc%5Etfw\">@JC_GMarquez<\/a>) para gestionar su rehabilitaci\u00f3n. <a href=\"https:\/\/t.co\/4sOwlqCERO\">pic.twitter.com\/4sOwlqCERO<\/a><\/p>\n<p>&mdash; Zona Roja Oaxaca (@ZonaRoja_Oaxaca) <a href=\"https:\/\/twitter.com\/ZonaRoja_Oaxaca\/status\/1648184392307621890?ref_src=twsrc%5Etfw\">18 de abril de 2023<\/a><\/p><\/blockquote>\n<\/div>\n<p>Por tal motivo, agradeci\u00f3 a las y los tutores, docentes y personal directivo, por involucrarse en el proceso para que esta rehabilitaci\u00f3n sea una realidad, y \u201cque est\u00e1 ahora s\u00ed en condiciones dignas para las y los alumnos\u201d de esta emblem\u00e1tica escuela ubicada en el casco municipal de Santa Luc\u00eda del Camino.<\/p>\n<p>Por su parte, el director Jaime G\u00f3mez reconoci\u00f3 el compromiso del presidente municipal Juan Carlos Garc\u00eda M\u00e1rquez, para responder a las necesidades de la instituci\u00f3n, para que as\u00ed las ni\u00f1as y los ni\u00f1os contaran con espacios dignos para su aprendizaje.<\/p>\n<p>Finalmente, Laura L\u00f3pez Mart\u00ednez, presidenta del comit\u00e9 &nbsp;de la escuela primaria \u201cJusto Sierra\u201d, asegur\u00f3 que \u201cel d\u00eda de hoy pasa a la historia en este municipio esta obra, queda en nuestra memoria como un hermoso recuerdo y un regalo\u201d para los estudiantes, por parte del gobierno que encabeza Juan Carlos Garc\u00eda M\u00e1rquez.<\/p>\n<p>Dentro de la rehabilitaci\u00f3n de esta instituci\u00f3n educativa, el ayuntamiento de Santa Luc\u00eda del Camino invirti\u00f3 en cambio de cancelar\u00eda de 18 aulas, de loseta en el mismo n\u00famero de salones, al igual que trabajos de pintura; la renovaci\u00f3n de 300 metros de barda perimetral, que est\u00e1n en L\u00e1zaro C\u00e1rdenas y Emilio Carranza, as\u00ed como aplicaci\u00f3n de pintura de dos direcciones y la impermeabilizaron de tres naves.<\/p>\n","protected":false},"excerpt":{"rendered":"<p>Redacci\u00f3n\/Zona Roja. Oaxaca de Ju\u00e1rez, Oax., a 18 de abril de 2023.- El ayuntamiento de&hellip;<\/p>\n","protected":false},"author":2,"featured_media":54222,"comment_status":"closed","ping_status":"open","sticky":false,"template":"","format":"standard","meta":{"_lmt_disableupdate":"","_lmt_disable":"","_jetpack_memberships_contains_paid_content":false,"footnotes":""},"categories":[109,46],"tags":[337],"class_list":["post-54221","post","type-post","status-publish","format-standard","has-post-thumbnail","hentry","category-minuto-a-minuto","category-zona-blanca","tag-santa-lucia-del-camino"],"jetpack_featured_media_url":"https:\/\/zonaroja.com.mx\/wp-content\/uploads\/2023\/04\/Santa-Lucia-del-Camino-escuela-primaria.jpeg","jetpack_sharing_enabled":true,"_links":{"self":[{"href":"https:\/\/zonaroja.com.mx\/index.php?rest_route=\/wp\/v2\/posts\/54221","targetHints":{"allow":["GET"]}}],"collection":[{"href":"https:\/\/zonaroja.com.mx\/index.php?rest_route=\/wp\/v2\/posts"}],"about":[{"href":"https:\/\/zonaroja.com.mx\/index.php?rest_route=\/wp\/v2\/types\/post"}],"author":[{"embeddable":true,"href":"https:\/\/zonaroja.com.mx\/index.php?rest_route=\/wp\/v2\/users\/2"}],"replies":[{"embeddable":true,"href":"https:\/\/zonaroja.com.mx\/index.php?rest_route=%2Fwp%2Fv2%2Fcomments&post=54221"}],"version-history":[{"count":2,"href":"https:\/\/zonaroja.com.mx\/index.php?rest_route=\/wp\/v2\/posts\/54221\/revisions"}],"predecessor-version":[{"id":54230,"href":"https:\/\/zonaroja.com.mx\/index.php?rest_route=\/wp\/v2\/posts\/54221\/revisions\/54230"}],"wp:featuredmedia":[{"embeddable":true,"href":"https:\/\/zonaroja.com.mx\/index.php?rest_route=\/wp\/v2\/media\/54222"}],"wp:attachment":[{"href":"https:\/\/zonaroja.com.mx\/index.php?rest_route=%2Fwp%2Fv2%2Fmedia&parent=54221"}],"wp:term":[{"taxonomy":"category","embeddable":true,"href":"https:\/\/zonaroja.com.mx\/index.php?rest_route=%2Fwp%2Fv2%2Fcategories&post=54221"},{"taxonomy":"post_tag","embeddable":true,"href":"https:\/\/zonaroja.com.mx\/index.php?rest_route=%2Fwp%2Fv2%2Ftags&post=54221"}],"curies":[{"name":"wp","href":"https:\/\/api.w.org\/{rel}","templated":true}]}}