{"id":54228,"date":"2023-04-18T14:38:50","date_gmt":"2023-04-18T19:38:50","guid":{"rendered":"http:\/\/www.zonaroja.com.mx\/?p=54228"},"modified":"2023-04-18T21:45:20","modified_gmt":"2023-04-19T02:45:20","slug":"denuncia-seccion-22-de-snte-grave-inseguridad-en-amoltepec-y-la-ssp-no-atiende","status":"publish","type":"post","link":"https:\/\/zonaroja.com.mx\/?p=54228","title":{"rendered":"Denuncia Secci\u00f3n 22 de SNTE grave inseguridad en Amoltepec\u2026 y la SSP no atiende"},"content":{"rendered":"\r\n<p>Yuridiana Sosa\/Zona Roja.<\/p>\r\n\r\n\r\n\r\n<p>Oaxaca de Ju\u00e1rez, Oax., a 18 de abril de 2023.- La violencia e inseguridad en Santiago Amoltepec ha dejado como saldo a cuatro profesores asesinados, denunci\u00f3 la Secci\u00f3n 22 del SNTE, al se\u00f1alar la falta de garant\u00edas por parte del gobierno de Oaxaca para resguardar, por lo que advierten de un paro de labores en la zona y un \u201cplant\u00f3n\u201d para exigir seguridad.<\/p>\r\n\r\n\r\n\r\n<p>En conferencia de prensa este martes, el Comit\u00e9 Ejecutivo Seccional de la gremial conden\u00f3 que el gobierno de Salom\u00f3n Jara no se ocupe de realizar acciones a favor de Amoltepec, ni cumpla con los acuerdos establecidos para la seguridad de la comunidad, en donde el personal de salud y otras instancias tambi\u00e9n temen por su integridad.<\/p>\r\n\r\n\r\n\r\n<p>El asesinato del profesor Omar Torres Jim\u00e9nez el pasado 22 de marzo, fue el evento por el que desat\u00f3 una mayor preocupaci\u00f3n e inconformidad de la Secci\u00f3n 22 del Sindicato Nacional de Trabajadores de la Educaci\u00f3n (SNTE), quien exigi\u00f3 justicia y castigo a los responsables.<\/p>\r\n\r\n\r\n\r\n<p>De acuerdo con el comunicado de la Secci\u00f3n 22 sobre el caso, Torres Jim\u00e9nez, docente en la zona escolar 078 de Santiago Amoltepec, fue asesinado en una emboscada por sujetos hasta ahora desconocidos mientras transitaba en su veh\u00edculo.<\/p>\r\n\r\n\r\n\r\n<p>El secretario de Prensa y Propaganda, Luis Alberto L\u00f3pez Pasos, se\u00f1al\u00f3 que el 30 de marzo se acord\u00f3 en una reuni\u00f3n con el Gobierno del Estado que la autoridad realizar\u00eda acciones de seguridad que hasta ahora no han cumplido.<\/p>\r\n\r\n\r\n\r\n<p>NO REGRESAN<\/p>\r\n\r\n\r\n\r\n<p>La demanda central fue la instalaci\u00f3n de operaciones de bases mixtas en el proceso del periodo vacacional para garantizar el regreso de los profesores, lo cual no se llev\u00f3 a cabo, indic\u00f3 el secretario de Asuntos Jur\u00eddicos, Rafael S\u00e1nchez.<\/p>\r\n\r\n\r\n\r\n<p>Por lo que mientras no se garantice la seguridad e integridad de los docentes, unos 300 trabajadores de educaci\u00f3n no regresar\u00e1n a Santiago Amoltepec, lo que afectar\u00e1 a cerca de cuatro mil 500 estudiantes de los niveles de educaci\u00f3n b\u00e1sica y media superior.<\/p>\r\n\r\n\r\n\r\n<figure class=\"wp-block-embed\">\r\n<div class=\"wp-block-embed__wrapper\">https:\/\/twitter.com\/zonaroja_oaxaca\/status\/1648371806552698881?s=46&amp;t=NSC9DgVZqVgwfDd_PrV_LQ<\/div>\r\n<\/figure>\r\n\r\n\r\n\r\n<p>La integrante del CES, Noelis Vel\u00e1squez Ruiz, apunt\u00f3 que el gobierno del estado tampoco ha realizado las visitas a las que se comprometi\u00f3 realizar, ni llamado a la gremial para dar a conocer avances se alguna estrategia, esto mientras la inseguridad y zozobra de los docentes aumenta.<\/p>\r\n\r\n\r\n\r\n<p>Para presionar al cumplimiento de la demanda, anunci\u00f3 que la Secci\u00f3n 22 del SNTE prev\u00e9 el inicio de un plant\u00f3n indefinido, actividad de la que detallar\u00e1n en pr\u00f3ximos d\u00edas seg\u00fan los acuerdos de las bases sobre su jornada.<\/p>\r\n\r\n\r\n\r\n<p>Sobre el resto de los profesores asesinados no ofrecieron detalles a petici\u00f3n de los familiares, pero agregaron que desde hace una d\u00e9cada la violencia en la zona ha ido en aumento.<\/p>\r\n\r\n\r\n\r\n<p>OTROS HECHOS<\/p>\r\n\r\n\r\n\r\n<p>Uno de los episodios recientes de violencia en Santiago Amoltepec ocurri\u00f3 el pasado 14 de febrero, cuando se registr\u00f3 la masacre contra cinco personas por parte de un grupo armado.<\/p>\r\n\r\n\r\n\r\n<p>Los cuerpos quedaron sin vida sobre la calle frente al palacio municipal, mientras una persona m\u00e1s result\u00f3 herida.<\/p>\r\n\r\n\r\n\r\n<p>La Fiscal\u00eda de Oaxaca apunt\u00f3 que el hecho ocurri\u00f3 en las calles de Amoltepec, mientras que el Gobierno del Estado indic\u00f3 que la violencia ocurri\u00f3 en el Palacio Municipal de Santiago Amoltepec, cuando se desarrollaba una reuni\u00f3n entre autoridades municipales de esa poblaci\u00f3n y autoridades municipales de Santiago Textitl\u00e1n.<\/p>\r\n\r\n\r\n\r\n<p>Mientras que, en diversos hechos, entre el 2020 y 2022 se ha registrado al menos el asesinato de 12 personas m\u00e1s, en eventos de emboscadas y otro tipo de confrontaciones.<\/p>\r\n","protected":false},"excerpt":{"rendered":"<p>Yuridiana Sosa\/Zona Roja. Oaxaca de Ju\u00e1rez, Oax., a 18 de abril de 2023.- La violencia&hellip;<\/p>\n","protected":false},"author":2,"featured_media":54227,"comment_status":"closed","ping_status":"open","sticky":false,"template":"","format":"standard","meta":{"_lmt_disableupdate":"","_lmt_disable":"","_jetpack_memberships_contains_paid_content":false,"footnotes":""},"categories":[109,47],"tags":[860,312],"class_list":["post-54228","post","type-post","status-publish","format-standard","has-post-thumbnail","hentry","category-minuto-a-minuto","category-zona-gris","tag-santiago-amoltepec","tag-seccion-22-del-snte"],"jetpack_featured_media_url":"https:\/\/zonaroja.com.mx\/wp-content\/uploads\/2023\/04\/33e86c8d-cfb8-496a-aa08-e6d4182a4937.jpg","jetpack_sharing_enabled":true,"_links":{"self":[{"href":"https:\/\/zonaroja.com.mx\/index.php?rest_route=\/wp\/v2\/posts\/54228","targetHints":{"allow":["GET"]}}],"collection":[{"href":"https:\/\/zonaroja.com.mx\/index.php?rest_route=\/wp\/v2\/posts"}],"about":[{"href":"https:\/\/zonaroja.com.mx\/index.php?rest_route=\/wp\/v2\/types\/post"}],"author":[{"embeddable":true,"href":"https:\/\/zonaroja.com.mx\/index.php?rest_route=\/wp\/v2\/users\/2"}],"replies":[{"embeddable":true,"href":"https:\/\/zonaroja.com.mx\/index.php?rest_route=%2Fwp%2Fv2%2Fcomments&post=54228"}],"version-history":[{"count":2,"href":"https:\/\/zonaroja.com.mx\/index.php?rest_route=\/wp\/v2\/posts\/54228\/revisions"}],"predecessor-version":[{"id":54239,"href":"https:\/\/zonaroja.com.mx\/index.php?rest_route=\/wp\/v2\/posts\/54228\/revisions\/54239"}],"wp:featuredmedia":[{"embeddable":true,"href":"https:\/\/zonaroja.com.mx\/index.php?rest_route=\/wp\/v2\/media\/54227"}],"wp:attachment":[{"href":"https:\/\/zonaroja.com.mx\/index.php?rest_route=%2Fwp%2Fv2%2Fmedia&parent=54228"}],"wp:term":[{"taxonomy":"category","embeddable":true,"href":"https:\/\/zonaroja.com.mx\/index.php?rest_route=%2Fwp%2Fv2%2Fcategories&post=54228"},{"taxonomy":"post_tag","embeddable":true,"href":"https:\/\/zonaroja.com.mx\/index.php?rest_route=%2Fwp%2Fv2%2Ftags&post=54228"}],"curies":[{"name":"wp","href":"https:\/\/api.w.org\/{rel}","templated":true}]}}