{"id":54231,"date":"2023-04-18T20:37:09","date_gmt":"2023-04-19T01:37:09","guid":{"rendered":"http:\/\/www.zonaroja.com.mx\/?p=54231"},"modified":"2023-04-18T20:38:13","modified_gmt":"2023-04-19T01:38:13","slug":"54231","status":"publish","type":"post","link":"https:\/\/zonaroja.com.mx\/?p=54231","title":{"rendered":"Doblegan nosmalistas y Secci\u00f3n 22 al IEEPO para entrega de plazas directas"},"content":{"rendered":"<p>Yuridiana Sosa\/Zona Roja.<\/p>\n<p>Oaxaca de Ju\u00e1rez, Oax., a 18 de abril de 2023.- Normalistas egresados del estado de Oaxaca lograron, a base de movilizaciones y vandalismo, doblegar al Instituto Estatal de Educaci\u00f3n P\u00fablica de Oaxaca (IEEPO) para la entrega de plazas sin respetar la Ley de Educaci\u00f3n federal, por lo que concluy\u00f3 el plant\u00f3n que mantuvieron por m\u00e1s de 11 semanas.<\/p>\n<p>El Comit\u00e9 Ejecutivo de la Secci\u00f3n 22 del Sindicato Nacional de Trabajadores de la Educaci\u00f3n (SNTE) confirm\u00f3 que la autoridad educativa de Oaxaca, que dirige Emilio Montero P\u00e9rez, cedi\u00f3 a las negociaciones para otorgar m\u00e1s de mil 670 plazas sin considerar los requisitos que establece la Unidad para el Sistema de la Carrera de las Maestras y los Maestros (USICAMM).<\/p>\n<p>A partir de ello, trabajan en una ruta alterna para realizar la entrega de los espacios, en la que se considerar\u00e1 cubrir las necesidades acad\u00e9micas en la entidad, indic\u00f3 el representante de Prensa y Propaganda, Luis Alberto L\u00f3pez Pasos.<\/p>\n<p>Detall\u00f3 que, en el proceso de negociaci\u00f3n, en el que siempre demostraron su respaldo a los normalistas, se agotaron todas las instancias para garantizar la contrataci\u00f3n, logrando mil 71 plazas m\u00e1s 607 para otros compa\u00f1eros que en 2021 fueron contratados de manera temporal.<\/p>\n<p>FIN A VANDALISMO<\/p>\n<p>Por m\u00e1s de tres meses, los normalistas que integran la Coordinadora Estudiantil Normalista del Estado de Oaxaca (CENEO) mantuvieron constantes movilizaciones que llegaron a actos vand\u00e1licos.<\/p>\n<div class=\"twitter-tweet\">\n<blockquote class=\"twitter-tweet\" data-lang=\"es\">\n<p lang=\"es\" dir=\"ltr\">Y la Secci\u00f3n 22 del SNTE confirma que dobleg\u00f3 al <a href=\"https:\/\/twitter.com\/IEEPOGobOax?ref_src=twsrc%5Etfw\">@IEEPOGobOax<\/a> en el caso de los egresados normalistas.<br \/>Les dar\u00e1n m\u00e1s de mil plazas de docentes sin las reglas oficiales de la USICAMM de la <a href=\"https:\/\/twitter.com\/SEP_mx?ref_src=twsrc%5Etfw\">@SEP_mx<\/a>.<br \/>Por ello se levant\u00f3 el \u201cplant\u00f3n\u201d que se manten\u00eda desde hace dos meses y medio. <a href=\"https:\/\/t.co\/LhUH4r8WxL\">pic.twitter.com\/LhUH4r8WxL<\/a><\/p>\n<p>&mdash; Zona Roja Oaxaca (@ZonaRoja_Oaxaca) <a href=\"https:\/\/twitter.com\/ZonaRoja_Oaxaca\/status\/1648440931711062016?ref_src=twsrc%5Etfw\">18 de abril de 2023<\/a><\/p><\/blockquote>\n<\/div>\n<p>Su jornada de lucha en busca de plazas directas inici\u00f3 el 12 de enero con una marcha y la entrega de su pliego de peticiones, y ante la nula atenci\u00f3n del gobierno del estado, a partir del 29 de ese mes iniciaron con un \u201cplant\u00f3n\u201d en la calle de Armenta y L\u00f3pez, en el Centro Hist\u00f3rico de la capital, mismo que este martes 19 de abril concluy\u00f3.<\/p>\n<p>Quema de llantas, cierre de oficinas del IEEPO, retenci\u00f3n de unidades del transporte p\u00fablico, bloqueo de calles, saqueo de camiones repartidores, y hasta vandalismo en Palacio de Gobierno formaron parte de sus movilizaciones, de las que no hubo repercusiones en su contra.<\/p>\n<p>Entre las movilizaciones m\u00e1s intensas fue la del pasado 12 de marzo, cuando rompieron vidrios de puertas y balcones del Palacio de Gobierno, donde adem\u00e1s quemaron llantas, lanzaron piedras y cohetones al interior; rompieron l\u00e1mparas y hasta corrieron a la polic\u00eda, todo eso por la detenci\u00f3n de un compa\u00f1ero de quien exigieron y lograron su liberaci\u00f3n.<\/p>\n<p>D\u00edas despu\u00e9s el IEEPO \u201crefrend\u00f3 su compromiso por el respeto a las manifestaciones estudiantiles en las que se externan sus demandas educativas, sin recurrir a la persecuci\u00f3n pol\u00edtica, en ese orden expresa su compromiso para atender los planteamientos de la CENEO exclusivamente en los espacios de di\u00e1logo y construcci\u00f3n de acuerdos, desistiendo de cualquier acci\u00f3n penal a cualquier integrante de la CENEO\u201d.<\/p>\n<p>As\u00ed tambi\u00e9n se registr\u00f3 la del 24 de febrero, en la que los egresados se unieron con los normalistas de las 11 escuelas para exigir atenci\u00f3n a cada uno de sus pliegos de demandas.<\/p>\n<p>Los normalistas \u201ctomaron\u201d autobuses en el Centro Hist\u00f3rico cubiertos del rostro y hasta con bidones de gasolina para llevar a cabo una serie de bloqueos.<\/p>\n<p>Durante las movilizaciones los inconformes recalcaban la desatenci\u00f3n del IEEPO y desment\u00edan todo tipo de avance o acuerdo que anunciaba la autoridad.<\/p>\n<div class=\"twitter-tweet\">\n<blockquote class=\"twitter-tweet\" data-lang=\"es\">\n<p lang=\"es\" dir=\"ltr\"><a href=\"https:\/\/twitter.com\/hashtag\/%C3%9AltimoMinuto?src=hash&amp;ref_src=twsrc%5Etfw\">#\u00daltimoMinuto<\/a><br \/>Despu\u00e9s de m\u00e1s de dos meses y medio de \u201cplant\u00f3n\u201d en el centro de la ciudad de <a href=\"https:\/\/twitter.com\/hashtag\/Oaxaca?src=hash&amp;ref_src=twsrc%5Etfw\">#Oaxaca<\/a>, egresados normalistas comienzan a retirar su campamento.<br \/>Doblegaron al <a href=\"https:\/\/twitter.com\/IEEPOGobOax?ref_src=twsrc%5Etfw\">@IEEPOGobOax<\/a> y lograron plazas de docentes sin cubrir requisitos de ley. <a href=\"https:\/\/t.co\/13KMQJ16sZ\">pic.twitter.com\/13KMQJ16sZ<\/a><\/p>\n<p>&mdash; Zona Roja Oaxaca (@ZonaRoja_Oaxaca) <a href=\"https:\/\/twitter.com\/ZonaRoja_Oaxaca\/status\/1648322788023836674?ref_src=twsrc%5Etfw\">18 de abril de 2023<\/a><\/p><\/blockquote>\n<\/div>\n","protected":false},"excerpt":{"rendered":"<p>Yuridiana Sosa\/Zona Roja. Oaxaca de Ju\u00e1rez, Oax., a 18 de abril de 2023.- Normalistas egresados&hellip;<\/p>\n","protected":false},"author":2,"featured_media":54232,"comment_status":"closed","ping_status":"open","sticky":false,"template":"","format":"standard","meta":{"_lmt_disableupdate":"","_lmt_disable":"","_jetpack_memberships_contains_paid_content":false,"footnotes":""},"categories":[109,47],"tags":[1916,312],"class_list":["post-54231","post","type-post","status-publish","format-standard","has-post-thumbnail","hentry","category-minuto-a-minuto","category-zona-gris","tag-protestas-estudiantes-normalistas-de-oaxaca","tag-seccion-22-del-snte"],"jetpack_featured_media_url":"https:\/\/zonaroja.com.mx\/wp-content\/uploads\/2023\/04\/Normalistas-retiran-planton-centro.jpg","jetpack_sharing_enabled":true,"_links":{"self":[{"href":"https:\/\/zonaroja.com.mx\/index.php?rest_route=\/wp\/v2\/posts\/54231","targetHints":{"allow":["GET"]}}],"collection":[{"href":"https:\/\/zonaroja.com.mx\/index.php?rest_route=\/wp\/v2\/posts"}],"about":[{"href":"https:\/\/zonaroja.com.mx\/index.php?rest_route=\/wp\/v2\/types\/post"}],"author":[{"embeddable":true,"href":"https:\/\/zonaroja.com.mx\/index.php?rest_route=\/wp\/v2\/users\/2"}],"replies":[{"embeddable":true,"href":"https:\/\/zonaroja.com.mx\/index.php?rest_route=%2Fwp%2Fv2%2Fcomments&post=54231"}],"version-history":[{"count":2,"href":"https:\/\/zonaroja.com.mx\/index.php?rest_route=\/wp\/v2\/posts\/54231\/revisions"}],"predecessor-version":[{"id":54234,"href":"https:\/\/zonaroja.com.mx\/index.php?rest_route=\/wp\/v2\/posts\/54231\/revisions\/54234"}],"wp:featuredmedia":[{"embeddable":true,"href":"https:\/\/zonaroja.com.mx\/index.php?rest_route=\/wp\/v2\/media\/54232"}],"wp:attachment":[{"href":"https:\/\/zonaroja.com.mx\/index.php?rest_route=%2Fwp%2Fv2%2Fmedia&parent=54231"}],"wp:term":[{"taxonomy":"category","embeddable":true,"href":"https:\/\/zonaroja.com.mx\/index.php?rest_route=%2Fwp%2Fv2%2Fcategories&post=54231"},{"taxonomy":"post_tag","embeddable":true,"href":"https:\/\/zonaroja.com.mx\/index.php?rest_route=%2Fwp%2Fv2%2Ftags&post=54231"}],"curies":[{"name":"wp","href":"https:\/\/api.w.org\/{rel}","templated":true}]}}