{"id":54235,"date":"2023-04-18T21:38:39","date_gmt":"2023-04-19T02:38:39","guid":{"rendered":"http:\/\/www.zonaroja.com.mx\/?p=54235"},"modified":"2023-04-18T21:39:38","modified_gmt":"2023-04-19T02:39:38","slug":"54235","status":"publish","type":"post","link":"https:\/\/zonaroja.com.mx\/?p=54235","title":{"rendered":"Detienen a dirigente de la Confederaci\u00f3n Libertad en el Istmo"},"content":{"rendered":"<p>Redacci\u00f3n\/Zona Roja.<\/p>\n<p>Oaxaca de Ju\u00e1rez, Oax., a 18 de abril de 2023.- Personal de la Fiscal\u00eda General de la Rep\u00fablica (FGR) detuvo en la regi\u00f3n del Istmo a Juan Carlos T. de la C., dirigente de la Sindicato Confederaci\u00f3n Libertad de Trabajadores en la regi\u00f3n del Istmo.<\/p>\n<p>Lo anterior desat\u00f3 una serie de bloqueos a carreteras en la regi\u00f3n del Istmo de Tehuantepec, para exigir su liberaci\u00f3n.<\/p>\n<p>De acuerdo con una ficha informativa de la Secretar\u00eda de Seguridad y Protecci\u00f3n Ciudadana, la detenci\u00f3n la hizo la Polic\u00eda Federal Ministerial a las 11:11 horas en la calle 2 de Noviembre de la Segunda Secci\u00f3n del municipio de Juchit\u00e1n de Zaragoza.<\/p>\n<p>No obstante, no se especifican las razones por las cuales se hizo la aprehensi\u00f3n, por lo cual sus seguidores activaron al menos seis bloqueos en carreteras del Istmo, mismas que retiraron durante la tarde.<\/p>\n<p>Tampoco se ha dado a conocer si ya fue liberado y s\u00f3lo se ha especulado que fue detenido porque incumpli\u00f3 la orden judicial de firmar peri\u00f3dicamente en el juzgado correspondiente, pues est\u00e1 en libertad bajo cauci\u00f3n por un delito que cometi\u00f3.<\/p>\n<div class=\"twitter-tweet\">\n<blockquote class=\"twitter-tweet\" data-lang=\"es\">\n<p lang=\"es\" dir=\"ltr\"><a href=\"https:\/\/twitter.com\/hashtag\/%C3%9AltimoMinuto?src=hash&amp;ref_src=twsrc%5Etfw\">#\u00daltimoMinuto<\/a><br \/>Crece la ingobernabilidad en Oaxaca, mientras el gobernador <a href=\"https:\/\/twitter.com\/salomonj?ref_src=twsrc%5Etfw\">@salomonj<\/a> se encuentra en Chiapas.<br \/>En el Istmo se registran al menos siete bloqueos carreteros.<br \/>Varios de ellos por la detenci\u00f3n de Juan Carlos T. C., de Confederaci\u00f3n Libertad, por parte de la FGR. <a href=\"https:\/\/t.co\/nAcgB99buJ\">pic.twitter.com\/nAcgB99buJ<\/a><\/p>\n<p>&mdash; Zona Roja Oaxaca (@ZonaRoja_Oaxaca) <a href=\"https:\/\/twitter.com\/ZonaRoja_Oaxaca\/status\/1648426944936148994?ref_src=twsrc%5Etfw\">18 de abril de 2023<\/a><\/p><\/blockquote>\n<\/div>\n","protected":false},"excerpt":{"rendered":"<p>Redacci\u00f3n\/Zona Roja. Oaxaca de Ju\u00e1rez, Oax., a 18 de abril de 2023.- Personal de la&hellip;<\/p>\n","protected":false},"author":2,"featured_media":54236,"comment_status":"closed","ping_status":"open","sticky":false,"template":"","format":"standard","meta":{"_lmt_disableupdate":"","_lmt_disable":"","_jetpack_memberships_contains_paid_content":false,"footnotes":""},"categories":[109,47],"tags":[3513],"class_list":["post-54235","post","type-post","status-publish","format-standard","has-post-thumbnail","hentry","category-minuto-a-minuto","category-zona-gris","tag-juan-carlos-teran-de-la-cruz"],"jetpack_featured_media_url":"https:\/\/zonaroja.com.mx\/wp-content\/uploads\/2023\/04\/Juan-Carlos-Teran-de-la-Cruz.jpg","jetpack_sharing_enabled":true,"_links":{"self":[{"href":"https:\/\/zonaroja.com.mx\/index.php?rest_route=\/wp\/v2\/posts\/54235","targetHints":{"allow":["GET"]}}],"collection":[{"href":"https:\/\/zonaroja.com.mx\/index.php?rest_route=\/wp\/v2\/posts"}],"about":[{"href":"https:\/\/zonaroja.com.mx\/index.php?rest_route=\/wp\/v2\/types\/post"}],"author":[{"embeddable":true,"href":"https:\/\/zonaroja.com.mx\/index.php?rest_route=\/wp\/v2\/users\/2"}],"replies":[{"embeddable":true,"href":"https:\/\/zonaroja.com.mx\/index.php?rest_route=%2Fwp%2Fv2%2Fcomments&post=54235"}],"version-history":[{"count":2,"href":"https:\/\/zonaroja.com.mx\/index.php?rest_route=\/wp\/v2\/posts\/54235\/revisions"}],"predecessor-version":[{"id":54238,"href":"https:\/\/zonaroja.com.mx\/index.php?rest_route=\/wp\/v2\/posts\/54235\/revisions\/54238"}],"wp:featuredmedia":[{"embeddable":true,"href":"https:\/\/zonaroja.com.mx\/index.php?rest_route=\/wp\/v2\/media\/54236"}],"wp:attachment":[{"href":"https:\/\/zonaroja.com.mx\/index.php?rest_route=%2Fwp%2Fv2%2Fmedia&parent=54235"}],"wp:term":[{"taxonomy":"category","embeddable":true,"href":"https:\/\/zonaroja.com.mx\/index.php?rest_route=%2Fwp%2Fv2%2Fcategories&post=54235"},{"taxonomy":"post_tag","embeddable":true,"href":"https:\/\/zonaroja.com.mx\/index.php?rest_route=%2Fwp%2Fv2%2Ftags&post=54235"}],"curies":[{"name":"wp","href":"https:\/\/api.w.org\/{rel}","templated":true}]}}