{"id":54247,"date":"2023-04-19T10:06:18","date_gmt":"2023-04-19T15:06:18","guid":{"rendered":"http:\/\/www.zonaroja.com.mx\/?p=54247"},"modified":"2023-04-19T11:33:03","modified_gmt":"2023-04-19T16:33:03","slug":"54247","status":"publish","type":"post","link":"https:\/\/zonaroja.com.mx\/?p=54247","title":{"rendered":"Mat\u00f3 a su pareja, la meti\u00f3 en bolsas de pl\u00e1stico y la tir\u00f3 en la calle; le dan \u00a060 a\u00f1os de prisi\u00f3n"},"content":{"rendered":"<p>Redacci\u00f3n\/Zona Roja.<\/p>\n<p>Oaxaca de Ju\u00e1rez, Oax., a 19 de abril de 2023.- Como resultado de los trabajos de investigaci\u00f3n y procuraci\u00f3n de justicia que lleva a cabo la Fiscal\u00eda General del Estado de Oaxaca, se obtuvo la sentencia condenatoria por 60 a\u00f1os de prisi\u00f3n en contra de G. S. N., responsable del delito de Feminicidio, cometido en la Sierra Sur.<\/p>\n<p>De acuerdo con el expediente penal del caso, los hechos ocurrieron el 20 de febrero de 2014, en el interior de un domicilio particular localizado en Miahuatl\u00e1n de Porfirio D\u00edaz, donde el sentenciado priv\u00f3 de la vida a la v\u00edctima, identificada como S. R. F.<\/p>\n<p>Luego del feminicidio, el responsable envolvi\u00f3 los restos de la mujer en una bolsa de pl\u00e1stico y los abandon\u00f3 en calles del municipio antes mencionado.<\/p>\n<p>Al tomar conocimiento del caso, la Fiscal\u00eda de Oaxaca inici\u00f3 las investigaciones que permitieron ejecutar la orden de aprehensi\u00f3n en contra del imputado.<\/p>\n<p>Derivado de que, la Fiscal\u00eda present\u00f3 los elementos de prueba suficientes ante el Juez, este \u00faltimo dict\u00f3 sentencia condenatoria en contra de G. S. N. de 60 a\u00f1os de prisi\u00f3n e impuso el pago 210 mil pesos por concepto de multa y reparaci\u00f3n del da\u00f1o.<\/p>\n<p>TRAFICABA CON PLAZAS<\/p>\n<p>Por otra parte, la Fiscal\u00eda General &nbsp;obtuvo auto de vinculaci\u00f3n a proceso, en contra de una persona del sexo masculino identificada con las iniciales A. T. S., por el delito de tr\u00e1fico de plazas y servicios, pues probablemente intent\u00f3 vender un plaza laboral del Instituto Estatal de Educaci\u00f3n P\u00fablica (IEEPO).<\/p>\n<p>De acuerdo con la carpeta de investigaci\u00f3n, el imputado ofreci\u00f3 una plaza laboral como prefecto en el Instituto Estatal de Educaci\u00f3n P\u00fablica, por la cual pidi\u00f3 200 mil pesos en efectivo, garantizando el espacio para el trabajo.<\/p>\n<p>El 24 de septiembre del 2020, la v\u00edctima realiz\u00f3 el pago luego de ser citada en las oficinas del imputado, localizadas en el fraccionamiento El Retiro.<\/p>\n<p>Despu\u00e9s de entregar el dinero, acudi\u00f3 al IEEPO, donde le dijeron que A. T. S. no ten\u00eda la facultad de otorgar plazas y tampoco exist\u00edan tr\u00e1mites o gestiones para incorporarla a la instituci\u00f3n.<\/p>\n<p>Ante la situaci\u00f3n, la v\u00edctima acudi\u00f3 a la FGEO para denunciar los hechos, por los que se inici\u00f3 la carpeta de investigaci\u00f3n correspondiente, derivada de la cual el Juez que atiende la causa dict\u00f3 auto de vinculaci\u00f3n a proceso en contra de A. T. S. y otorg\u00f3 un mes para el cierre de las investigaciones.<\/p>\n<p>La venta de plazas laborales en el servicio p\u00fablico constituye un delito, por lo que evitar este tipo de pr\u00e1cticas ayuda a prevenir la comisi\u00f3n de esta clase de conductas criminales.<\/p>\n","protected":false},"excerpt":{"rendered":"<p>Redacci\u00f3n\/Zona Roja. Oaxaca de Ju\u00e1rez, Oax., a 19 de abril de 2023.- Como resultado de&hellip;<\/p>\n","protected":false},"author":2,"featured_media":48872,"comment_status":"closed","ping_status":"open","sticky":false,"template":"","format":"standard","meta":{"_lmt_disableupdate":"","_lmt_disable":"","_jetpack_memberships_contains_paid_content":false,"footnotes":""},"categories":[109,46],"tags":[494],"class_list":["post-54247","post","type-post","status-publish","format-standard","has-post-thumbnail","hentry","category-minuto-a-minuto","category-zona-blanca","tag-fiscalia-general-del-estado-de-oaxaca"],"jetpack_featured_media_url":"https:\/\/zonaroja.com.mx\/wp-content\/uploads\/2022\/12\/Detenido-detencion-aprehension.jpg","jetpack_sharing_enabled":true,"_links":{"self":[{"href":"https:\/\/zonaroja.com.mx\/index.php?rest_route=\/wp\/v2\/posts\/54247","targetHints":{"allow":["GET"]}}],"collection":[{"href":"https:\/\/zonaroja.com.mx\/index.php?rest_route=\/wp\/v2\/posts"}],"about":[{"href":"https:\/\/zonaroja.com.mx\/index.php?rest_route=\/wp\/v2\/types\/post"}],"author":[{"embeddable":true,"href":"https:\/\/zonaroja.com.mx\/index.php?rest_route=\/wp\/v2\/users\/2"}],"replies":[{"embeddable":true,"href":"https:\/\/zonaroja.com.mx\/index.php?rest_route=%2Fwp%2Fv2%2Fcomments&post=54247"}],"version-history":[{"count":5,"href":"https:\/\/zonaroja.com.mx\/index.php?rest_route=\/wp\/v2\/posts\/54247\/revisions"}],"predecessor-version":[{"id":54275,"href":"https:\/\/zonaroja.com.mx\/index.php?rest_route=\/wp\/v2\/posts\/54247\/revisions\/54275"}],"wp:featuredmedia":[{"embeddable":true,"href":"https:\/\/zonaroja.com.mx\/index.php?rest_route=\/wp\/v2\/media\/48872"}],"wp:attachment":[{"href":"https:\/\/zonaroja.com.mx\/index.php?rest_route=%2Fwp%2Fv2%2Fmedia&parent=54247"}],"wp:term":[{"taxonomy":"category","embeddable":true,"href":"https:\/\/zonaroja.com.mx\/index.php?rest_route=%2Fwp%2Fv2%2Fcategories&post=54247"},{"taxonomy":"post_tag","embeddable":true,"href":"https:\/\/zonaroja.com.mx\/index.php?rest_route=%2Fwp%2Fv2%2Ftags&post=54247"}],"curies":[{"name":"wp","href":"https:\/\/api.w.org\/{rel}","templated":true}]}}