{"id":54254,"date":"2023-04-19T09:30:57","date_gmt":"2023-04-19T14:30:57","guid":{"rendered":"http:\/\/www.zonaroja.com.mx\/?p=54254"},"modified":"2023-04-19T11:32:34","modified_gmt":"2023-04-19T16:32:34","slug":"54254","status":"publish","type":"post","link":"https:\/\/zonaroja.com.mx\/?p=54254","title":{"rendered":"La Suprema Corte anula el traslado de la Guardia Nacional a la Sedena"},"content":{"rendered":"<p>Redacci\u00f3n\/Zona Roja Cdmx.<\/p>\n<p>Ciudad de M\u00e9xico, a 19 de abril de 2023.- La Suprema Corte de Justicia de la Nacional (SCJN) declar\u00f3 inconstitucional el decreto por el que la Guardia Nacional (GN) se incorpor\u00f3 administrativa y operativamente a la Secretar\u00eda de la Defensa Nacional (Sedena).<\/p>\n<p>Por ocho votos a tres, los ministros estimaron que el Decreto viola el art\u00edculo 21 constitucional, por lo que argumentaron que \u201ces un fraude a la Constituci\u00f3n\u201d, pues est\u00e1 \u201cvac\u00eda\u201d de contenido el mandato que obliga a que la GN se adscriba a la Secretar\u00eda de Seguridad y Protecci\u00f3n Ciudadana (SSPC).<\/p>\n<p>Quienes votaron por la declararon por la inconstitucionalidad del Decreto fueron los ministros Juan Luis Gonz\u00e1lez, ponente; Luis Mar\u00eda Aguilar, Javier Laynez, Mario Pardo, Alfredo Guti\u00e9rrez y Alberto P\u00e9rez Day\u00e1n, y las ministras Margarita R\u00edos Farjat y la presidenta Norma Pi\u00f1a.<\/p>\n<p>En contra del proyecto y por la constitucionalidad del Decreto votaron Yasm\u00edn Esquivel, Loretta Ortiz y Arturo Zald\u00edvar, los tres marcadamente afines al proyecto de la Cuarta Transformaci\u00f3n que encabeza el presidente Andr\u00e9s Manuel L\u00f3pez Obrador.<\/p>\n<p>Luis Mar\u00eda Aguilar coincidi\u00f3 con el proyecto del ministro Gonz\u00e1lez en el sentido de que dicha transferencia \u201cvac\u00eda de contenido\u201d el mandato constitucional de que la Guardia Nacional quede adscrita a la autoridad civil, es espec\u00edfico, la SSPC.<\/p>\n<p>Javier Laynez estim\u00f3 que el dar el control operativo y administrativo de la GN a la Sedena significa un \u201cfraude a la Constituci\u00f3n\u201d. Dijo que, si bien la reforma no toc\u00f3 el art\u00edculo Cuatro de la Ley que dio origen a la GN, esto es meramente de forma.<\/p>\n<p>Y es que asegur\u00f3 que la adscripci\u00f3n de GN a la SSPC se reduce a una adscripci\u00f3n formal, pero no material ni sustantiva. \u201cEs una readscripci\u00f3n y, t\u00e9cnicamente, un fraude la constituci\u00f3n\u201d, asegur\u00f3.<\/p>\n<p>Margarita R\u00edos Farjat se\u00f1al\u00f3 que el decreto deja en entredicho el car\u00e1cter civil y adscripci\u00f3n de la GN a la SSPC.<\/p>\n<p>\u201cEsto pone la unidad jer\u00e1rquica y desarrollo de la administraci\u00f3n p\u00fablica implicando un riesgo de seguridad jur\u00eddica para la sociedad, porque hay una dependencia que responde a dos dependencias, una civil y una castrense\u201d.<\/p>\n<p>Las y los ministros tambi\u00e9n declararon inconstitucional que el Comandante General de la Guardia Nacional sea propuesto por el titular de la Secretar\u00eda de la Defensa Nacional, ya que esto pone en tela de juicio el car\u00e1cter civil de la GN.<\/p>\n<p>(Informaci\u00f3n de \u201cEl Financiero\u201d)<\/p>\n","protected":false},"excerpt":{"rendered":"<p>Redacci\u00f3n\/Zona Roja Cdmx. Ciudad de M\u00e9xico, a 19 de abril de 2023.- La Suprema Corte&hellip;<\/p>\n","protected":false},"author":2,"featured_media":45424,"comment_status":"closed","ping_status":"open","sticky":false,"template":"","format":"standard","meta":{"_lmt_disableupdate":"","_lmt_disable":"","_jetpack_memberships_contains_paid_content":false,"footnotes":""},"categories":[109,47],"tags":[278],"class_list":["post-54254","post","type-post","status-publish","format-standard","has-post-thumbnail","hentry","category-minuto-a-minuto","category-zona-gris","tag-guardia-nacional"],"jetpack_featured_media_url":"https:\/\/zonaroja.com.mx\/wp-content\/uploads\/2022\/09\/Guardia-Nacional-y-militares-en-las-calles.jpeg","jetpack_sharing_enabled":true,"_links":{"self":[{"href":"https:\/\/zonaroja.com.mx\/index.php?rest_route=\/wp\/v2\/posts\/54254","targetHints":{"allow":["GET"]}}],"collection":[{"href":"https:\/\/zonaroja.com.mx\/index.php?rest_route=\/wp\/v2\/posts"}],"about":[{"href":"https:\/\/zonaroja.com.mx\/index.php?rest_route=\/wp\/v2\/types\/post"}],"author":[{"embeddable":true,"href":"https:\/\/zonaroja.com.mx\/index.php?rest_route=\/wp\/v2\/users\/2"}],"replies":[{"embeddable":true,"href":"https:\/\/zonaroja.com.mx\/index.php?rest_route=%2Fwp%2Fv2%2Fcomments&post=54254"}],"version-history":[{"count":2,"href":"https:\/\/zonaroja.com.mx\/index.php?rest_route=\/wp\/v2\/posts\/54254\/revisions"}],"predecessor-version":[{"id":54274,"href":"https:\/\/zonaroja.com.mx\/index.php?rest_route=\/wp\/v2\/posts\/54254\/revisions\/54274"}],"wp:featuredmedia":[{"embeddable":true,"href":"https:\/\/zonaroja.com.mx\/index.php?rest_route=\/wp\/v2\/media\/45424"}],"wp:attachment":[{"href":"https:\/\/zonaroja.com.mx\/index.php?rest_route=%2Fwp%2Fv2%2Fmedia&parent=54254"}],"wp:term":[{"taxonomy":"category","embeddable":true,"href":"https:\/\/zonaroja.com.mx\/index.php?rest_route=%2Fwp%2Fv2%2Fcategories&post=54254"},{"taxonomy":"post_tag","embeddable":true,"href":"https:\/\/zonaroja.com.mx\/index.php?rest_route=%2Fwp%2Fv2%2Ftags&post=54254"}],"curies":[{"name":"wp","href":"https:\/\/api.w.org\/{rel}","templated":true}]}}