{"id":54263,"date":"2023-04-19T11:01:59","date_gmt":"2023-04-19T16:01:59","guid":{"rendered":"http:\/\/www.zonaroja.com.mx\/?p=54263"},"modified":"2023-04-19T11:33:19","modified_gmt":"2023-04-19T16:33:19","slug":"54263","status":"publish","type":"post","link":"https:\/\/zonaroja.com.mx\/?p=54263","title":{"rendered":"Otra masacre: balacera deja cinco muertos en Quer\u00e9taro"},"content":{"rendered":"<p>Redacci\u00f3n\/Zona Roja Cdmx.<\/p>\n<p>Ciudad de M\u00e9xico, a 19 de abril de 2023.- Una balacera dej\u00f3 como resultado la muerte de varias personas en Tequisquiapan, Quer\u00e9taro. Los hechos sucedieron al interior de un rancho de la comunidad el Tejocote en una zona que es cercana a Hidalgo.<\/p>\n<p>La Fiscal\u00eda General del Estado de Quer\u00e9taro inform\u00f3 a trav\u00e9s de redes sociales que recibieron reportes sobre detonaciones de arma de fuego, por lo que agentes de la Polic\u00eda Municipal y de la Polic\u00eda Estatal llegaron a la zona y dentro del inmueble estaban los cad\u00e1veres.<\/p>\n<p>\u201cSe informa que esta tarde se recibieron reportes a la l\u00ednea de emergencias 911, sobre detonaciones de arma de fuego en la comunidad de Tejocote, en el municipio de Tequisquiapan\u201d, fue parte del mensaje de la Fiscal\u00eda de la entidad<\/p>\n<p>Debido a lo anterior la Fiscal\u00eda \u201crealiza actos de investigaci\u00f3n con el grupo especializado y multidisciplinario para la investigaci\u00f3n de homicidios, dando inici\u00f3 la carpeta correspondiente. En estos momentos se contin\u00faa con el procesamiento del inmueble, para recabar todos los indicios que se encuentran en el lugar y zonas aleda\u00f1as, que permitan el esclarecimiento de lo ocurrido\u201d, seg\u00fan se pudo leer en el mensaje de las autoridades compartido durante la noche del 18 de abril.<\/p>\n<p>Informaci\u00f3n oficial indica que se encontraron los cuerpos sin vida de tres personas y reportes preliminares indicaron por lo menos otros dos muertos. Todav\u00eda no se da a conocer cu\u00e1les son las razones que derivaron en la agresi\u00f3n y muerte de las v\u00edctimas.<\/p>\n<p>Las autoridades tambi\u00e9n revisan la zona con el objetivo de reconocer si hay m\u00e1s v\u00edctimas mortales o personas heridas. Por su parte, Estrella \u00c1lvarez, corresponsal del medio Milenio, inform\u00f3 que las dos personas que reportadas como muertas habr\u00edan fallecido durante su traslado. Al lugar tambi\u00e9n acudieron efectivos del Servicio M\u00e9dico Forense con la finalidad de levantar los cuerpos.<\/p>\n<p>Hasta el momento no se han reportado detenciones por los hechos violentos ocurridos en Quer\u00e9taro y las autoridades indicaron que dar\u00e1n m\u00e1s informaci\u00f3n conforme las investigaciones lo permitan.<\/p>\n<p>El multihomicidio ocurri\u00f3 tan solo un d\u00eda despu\u00e9s del asesinato de un l\u00edder artesanal en San Crist\u00f3bal de las Casas, Chiapas, hechos que derivaron en la muerte de otras dos personas y la cancelaci\u00f3n de las clases para el turno de la tarde adem\u00e1s de que comerciantes de la zona tur\u00edstica cerraron sus locales.<\/p>\n<p>(Informaci\u00f3n de Infobae M\u00e9xico)<\/p>\n","protected":false},"excerpt":{"rendered":"<p>Redacci\u00f3n\/Zona Roja Cdmx. Ciudad de M\u00e9xico, a 19 de abril de 2023.- Una balacera dej\u00f3&hellip;<\/p>\n","protected":false},"author":2,"featured_media":54264,"comment_status":"closed","ping_status":"open","sticky":false,"template":"","format":"standard","meta":{"_lmt_disableupdate":"","_lmt_disable":"","_jetpack_memberships_contains_paid_content":false,"footnotes":""},"categories":[109,51],"tags":[3096],"class_list":["post-54263","post","type-post","status-publish","format-standard","has-post-thumbnail","hentry","category-minuto-a-minuto","category-zona-roja","tag-queretaro"],"jetpack_featured_media_url":"https:\/\/zonaroja.com.mx\/wp-content\/uploads\/2023\/04\/Cinco-asesinados-en-Queretaro.jpeg","jetpack_sharing_enabled":true,"_links":{"self":[{"href":"https:\/\/zonaroja.com.mx\/index.php?rest_route=\/wp\/v2\/posts\/54263","targetHints":{"allow":["GET"]}}],"collection":[{"href":"https:\/\/zonaroja.com.mx\/index.php?rest_route=\/wp\/v2\/posts"}],"about":[{"href":"https:\/\/zonaroja.com.mx\/index.php?rest_route=\/wp\/v2\/types\/post"}],"author":[{"embeddable":true,"href":"https:\/\/zonaroja.com.mx\/index.php?rest_route=\/wp\/v2\/users\/2"}],"replies":[{"embeddable":true,"href":"https:\/\/zonaroja.com.mx\/index.php?rest_route=%2Fwp%2Fv2%2Fcomments&post=54263"}],"version-history":[{"count":2,"href":"https:\/\/zonaroja.com.mx\/index.php?rest_route=\/wp\/v2\/posts\/54263\/revisions"}],"predecessor-version":[{"id":54276,"href":"https:\/\/zonaroja.com.mx\/index.php?rest_route=\/wp\/v2\/posts\/54263\/revisions\/54276"}],"wp:featuredmedia":[{"embeddable":true,"href":"https:\/\/zonaroja.com.mx\/index.php?rest_route=\/wp\/v2\/media\/54264"}],"wp:attachment":[{"href":"https:\/\/zonaroja.com.mx\/index.php?rest_route=%2Fwp%2Fv2%2Fmedia&parent=54263"}],"wp:term":[{"taxonomy":"category","embeddable":true,"href":"https:\/\/zonaroja.com.mx\/index.php?rest_route=%2Fwp%2Fv2%2Fcategories&post=54263"},{"taxonomy":"post_tag","embeddable":true,"href":"https:\/\/zonaroja.com.mx\/index.php?rest_route=%2Fwp%2Fv2%2Ftags&post=54263"}],"curies":[{"name":"wp","href":"https:\/\/api.w.org\/{rel}","templated":true}]}}