{"id":54266,"date":"2023-04-19T09:09:47","date_gmt":"2023-04-19T14:09:47","guid":{"rendered":"http:\/\/www.zonaroja.com.mx\/?p=54266"},"modified":"2023-04-19T18:37:45","modified_gmt":"2023-04-19T23:37:45","slug":"54266","status":"publish","type":"post","link":"https:\/\/zonaroja.com.mx\/?p=54266","title":{"rendered":"Asesinan a balazos a adolescente en Juchit\u00e1n y a afiliado a la S-22 en Tuxtepec"},"content":{"rendered":"<p>Redacci\u00f3n\/Zona Roja.<\/p>\n<p>Oaxaca de Ju\u00e1rez, Oax., a 19 de abril de 2023.- Un adolescente fue asesinado a balazos la madrugada de este mi\u00e9rcoles en Juchit\u00e1n de Zaragoza, municipio de la regi\u00f3n del Istmo.<\/p>\n<p>Ello mientras esta ma\u00f1ana, a temprana hora, el gobernador Salom\u00f3n Jara Cruz encabezaba en el Palacio de Gobierno una mesa de seguridad, con la presencia de titulares de diversas \u00e1reas.<\/p>\n<p>El crimen de Arturo P. M., de 17 a\u00f1os de edad, se registr\u00f3 a unos pasos de la terminal de autobuses de primera clase, en que sujetos armados le dispararon y tras lo cual huyeron, sin que hubiera polic\u00edas municipales o estatales en la zona para perseguirlos.<\/p>\n<p>El hoy occiso ten\u00eda domicilio en la Segunda Secci\u00f3n de Juchit\u00e1n y al parecer atend\u00eda uno de los locales de comida en la zona, cuando fue abatido.<\/p>\n<p>Personal de la Vicefiscal\u00eda Regional del Istmo, dependiente de la Fiscal\u00eda General del Estado, realiza las indagatorias correspondientes.<\/p>\n<p>EN TUXTEPEC<\/p>\n<p>Por otra parte, en la colonia El Nanche de San Juan Bautista Tuxtepec, regi\u00f3n Cuenca, fue abatido un trabajador afiliado a la Secci\u00f3n 22 del SNTE.<\/p>\n<p>Se trata de Carlos R. V., quien fue abatido en el interior de su camioneta y hasta el momento se desconoce qui\u00e9n o quienes lo ultimaron a balazos. Personal de la Vicefiscal\u00eda Regional de la Cuenca se encuentra ya en la zona.<\/p>\n","protected":false},"excerpt":{"rendered":"<p>Redacci\u00f3n\/Zona Roja. Oaxaca de Ju\u00e1rez, Oax., a 19 de abril de 2023.- Un adolescente fue&hellip;<\/p>\n","protected":false},"author":2,"featured_media":50335,"comment_status":"closed","ping_status":"open","sticky":false,"template":"","format":"standard","meta":{"_lmt_disableupdate":"","_lmt_disable":"","_jetpack_memberships_contains_paid_content":false,"footnotes":""},"categories":[109,51],"tags":[297],"class_list":["post-54266","post","type-post","status-publish","format-standard","has-post-thumbnail","hentry","category-minuto-a-minuto","category-zona-roja","tag-ejecutado-juchitan"],"jetpack_featured_media_url":"https:\/\/zonaroja.com.mx\/wp-content\/uploads\/2023\/01\/Balazos-violencia-casquillos-escena.jpeg","jetpack_sharing_enabled":true,"_links":{"self":[{"href":"https:\/\/zonaroja.com.mx\/index.php?rest_route=\/wp\/v2\/posts\/54266","targetHints":{"allow":["GET"]}}],"collection":[{"href":"https:\/\/zonaroja.com.mx\/index.php?rest_route=\/wp\/v2\/posts"}],"about":[{"href":"https:\/\/zonaroja.com.mx\/index.php?rest_route=\/wp\/v2\/types\/post"}],"author":[{"embeddable":true,"href":"https:\/\/zonaroja.com.mx\/index.php?rest_route=\/wp\/v2\/users\/2"}],"replies":[{"embeddable":true,"href":"https:\/\/zonaroja.com.mx\/index.php?rest_route=%2Fwp%2Fv2%2Fcomments&post=54266"}],"version-history":[{"count":4,"href":"https:\/\/zonaroja.com.mx\/index.php?rest_route=\/wp\/v2\/posts\/54266\/revisions"}],"predecessor-version":[{"id":54279,"href":"https:\/\/zonaroja.com.mx\/index.php?rest_route=\/wp\/v2\/posts\/54266\/revisions\/54279"}],"wp:featuredmedia":[{"embeddable":true,"href":"https:\/\/zonaroja.com.mx\/index.php?rest_route=\/wp\/v2\/media\/50335"}],"wp:attachment":[{"href":"https:\/\/zonaroja.com.mx\/index.php?rest_route=%2Fwp%2Fv2%2Fmedia&parent=54266"}],"wp:term":[{"taxonomy":"category","embeddable":true,"href":"https:\/\/zonaroja.com.mx\/index.php?rest_route=%2Fwp%2Fv2%2Fcategories&post=54266"},{"taxonomy":"post_tag","embeddable":true,"href":"https:\/\/zonaroja.com.mx\/index.php?rest_route=%2Fwp%2Fv2%2Ftags&post=54266"}],"curies":[{"name":"wp","href":"https:\/\/api.w.org\/{rel}","templated":true}]}}