{"id":54268,"date":"2023-04-19T09:26:32","date_gmt":"2023-04-19T14:26:32","guid":{"rendered":"http:\/\/www.zonaroja.com.mx\/?p=54268"},"modified":"2023-04-19T09:27:14","modified_gmt":"2023-04-19T14:27:14","slug":"54268","status":"publish","type":"post","link":"https:\/\/zonaroja.com.mx\/?p=54268","title":{"rendered":"Tras paro de dos d\u00edas, doblega sindicato a los Servicios de Salud de Oaxaca"},"content":{"rendered":"<p>Redacci\u00f3n\/Zona Roja.<\/p>\n<p>Oaxaca de Ju\u00e1rez, Oax., a 19 de abril de 2023.- Luego de dos d\u00edas de paralizar cl\u00ednicas y hospitales del estado, la Secci\u00f3n 35 del Sindicato Nacional de Trabajadores de Salud oblig\u00f3 a los Servicios de Salud de Oaxaca (SSO) a despedir a tres funcionarios.<\/p>\n<p>Se trata de Juan Gilberto Mart\u00ednez Rueda, de la Direcci\u00f3n de Administraci\u00f3n; Armando Pineda Ovalle, de la Unidad de Servicios al Personal, y Miguel \u00c1ngel Ruiz Flores, de la Unidad de Pagos.<\/p>\n<p>Sin embargo, la dependencia que encabeza Alma Lilia Velasco, no ha esclarecido hasta ahora la contrataci\u00f3n de una empresa externa, que ser\u00eda \u201coutsourcing\u201d, para pagar a los trabajadores, de manera parcial, la primera quincena de abril.<\/p>\n<p>El paro de labores continuar\u00e1 hasta esclarecer todos los casos, por lo que en el transcurso de este mi\u00e9rcoles se deber\u00e1 depositar el resto del sueldo a los trabajadores pendientes.<\/p>\n<p>Y \u201cante la exigencia de la base trabajadora de regresar al sistema de n\u00f3mina al \u00e1rea de Operaci\u00f3n y Pagos, se toma el acuerdo de regresar al sistema anterior, previamente consensuado con el \u00e1rea respectiva, respetando el concepto de pago de n\u00f3mina\u201d.<\/p>\n<p>De acuerdo con la minuta firmada anoche, el 1 de mayo se deber\u00e1 presentar al nuevo director de Administraci\u00f3n de los SSO.<\/p>\n<p>Asimismo, se convino la instalaci\u00f3n de un m\u00f3dulo de atenci\u00f3n permanente donde se dar\u00e1 puntal seguimiento y soluci\u00f3n a la problem\u00e1tica individual de pagos, para lo cual se design\u00f3 a Arturo V\u00e1squez Lagunas.<\/p>\n<p>Por parte de la Secretar\u00eda de Finanzas estatal, se se nombr\u00f3 a Valente Ju\u00e1rez Garc\u00eda para dar seguimiento a las peticiones y analizar los casos.<\/p>\n<p>\u201cLos Servicios de Salud de Oaxaca, a trav\u00e9s de su representaci\u00f3n legal, asumen toda la responsabilidad jur\u00eddico-administrativa que se pudiera generar en contra de alg\u00fan trabajador, por la reconocida omisi\u00f3n\u201d, que origin\u00f3 la protesta, establece el acuerdo.<\/p>\n","protected":false},"excerpt":{"rendered":"<p>Redacci\u00f3n\/Zona Roja. Oaxaca de Ju\u00e1rez, Oax., a 19 de abril de 2023.- Luego de dos&hellip;<\/p>\n","protected":false},"author":2,"featured_media":54269,"comment_status":"closed","ping_status":"open","sticky":false,"template":"","format":"standard","meta":{"_lmt_disableupdate":"","_lmt_disable":"","_jetpack_memberships_contains_paid_content":false,"footnotes":""},"categories":[109,47],"tags":[1005],"class_list":["post-54268","post","type-post","status-publish","format-standard","has-post-thumbnail","hentry","category-minuto-a-minuto","category-zona-gris","tag-servicios-de-salud-de-oaxaca-sso"],"jetpack_featured_media_url":"https:\/\/zonaroja.com.mx\/wp-content\/uploads\/2023\/04\/Servicios-de-Salud-y-sindicato-Seccion-35-Minuta.jpg","jetpack_sharing_enabled":true,"_links":{"self":[{"href":"https:\/\/zonaroja.com.mx\/index.php?rest_route=\/wp\/v2\/posts\/54268","targetHints":{"allow":["GET"]}}],"collection":[{"href":"https:\/\/zonaroja.com.mx\/index.php?rest_route=\/wp\/v2\/posts"}],"about":[{"href":"https:\/\/zonaroja.com.mx\/index.php?rest_route=\/wp\/v2\/types\/post"}],"author":[{"embeddable":true,"href":"https:\/\/zonaroja.com.mx\/index.php?rest_route=\/wp\/v2\/users\/2"}],"replies":[{"embeddable":true,"href":"https:\/\/zonaroja.com.mx\/index.php?rest_route=%2Fwp%2Fv2%2Fcomments&post=54268"}],"version-history":[{"count":2,"href":"https:\/\/zonaroja.com.mx\/index.php?rest_route=\/wp\/v2\/posts\/54268\/revisions"}],"predecessor-version":[{"id":54271,"href":"https:\/\/zonaroja.com.mx\/index.php?rest_route=\/wp\/v2\/posts\/54268\/revisions\/54271"}],"wp:featuredmedia":[{"embeddable":true,"href":"https:\/\/zonaroja.com.mx\/index.php?rest_route=\/wp\/v2\/media\/54269"}],"wp:attachment":[{"href":"https:\/\/zonaroja.com.mx\/index.php?rest_route=%2Fwp%2Fv2%2Fmedia&parent=54268"}],"wp:term":[{"taxonomy":"category","embeddable":true,"href":"https:\/\/zonaroja.com.mx\/index.php?rest_route=%2Fwp%2Fv2%2Fcategories&post=54268"},{"taxonomy":"post_tag","embeddable":true,"href":"https:\/\/zonaroja.com.mx\/index.php?rest_route=%2Fwp%2Fv2%2Ftags&post=54268"}],"curies":[{"name":"wp","href":"https:\/\/api.w.org\/{rel}","templated":true}]}}