{"id":5427,"date":"2019-11-04T21:33:18","date_gmt":"2019-11-05T03:33:18","guid":{"rendered":"http:\/\/www.zonaroja.com.mx\/?p=5427"},"modified":"2019-11-04T21:33:21","modified_gmt":"2019-11-05T03:33:21","slug":"denuncian-amenazas-de-muerte-contra-periodista-en-oaxaca","status":"publish","type":"post","link":"https:\/\/zonaroja.com.mx\/?p=5427","title":{"rendered":"Denuncian amenazas de muerte contra periodista en Oaxaca"},"content":{"rendered":"\n<p>Ismael\nGarc\u00eda\/Zona Roja.<\/p>\n\n\n\n<p>Oaxaca de\nJu\u00e1rez, Oax., 4 de noviembre de 2019.- Directivos del peri\u00f3dico \u201cEl Imparcial\u201d\nde Oaxaca denunciaron amenazas de muerte en contra de su corresponsal en la\nregi\u00f3n Costa de Oaxaca, Miguel Guti\u00e9rrez.<\/p>\n\n\n\n<p>Ante la desconfianza en las instituciones de procuraci\u00f3n de justicia en la entidad, se opt\u00f3 primero por interponer una queja en la Defensor\u00eda de los Derechos Humanos del Pueblo de Oaxaca (DDHPO), con el fin de que se dicten medidas de protecci\u00f3n al comunicador.<\/p>\n\n\n\n<figure class=\"wp-block-embed-twitter wp-block-embed is-type-rich is-provider-twitter\"><div class=\"wp-block-embed__wrapper\">\n<div class=\"twitter-tweet\"><blockquote class=\"twitter-tweet\" data-lang=\"es\"><p lang=\"es\" dir=\"ltr\"><a href=\"https:\/\/twitter.com\/hashtag\/ENVIVO?src=hash&amp;ref_src=twsrc%5Etfw\">#ENVIVO<\/a><br>Oaxaca de Ju\u00e1rez, Oax., 4 de noviembre de 2019. Conferencia de prensa de directivos del diario \u201cEl Imparcial\u201d en torno a amenazas de muerte a uno de sus colaboradores. Exigen respeto a la libertad de expresi\u00f3n.<br>\ud83d\udc47<a href=\"https:\/\/t.co\/3ukd0pmnIF\">https:\/\/t.co\/3ukd0pmnIF<\/a><a href=\"https:\/\/twitter.com\/CNDH?ref_src=twsrc%5Etfw\">@CNDH<\/a> <a href=\"https:\/\/twitter.com\/julioastillero?ref_src=twsrc%5Etfw\">@julioastillero<\/a> <a href=\"https:\/\/twitter.com\/FGRMexico?ref_src=twsrc%5Etfw\">@FGRMexico<\/a> <a href=\"https:\/\/t.co\/ZyFZBa9f5y\">pic.twitter.com\/ZyFZBa9f5y<\/a><\/p>&mdash; Zona Roja Oaxaca (@MexRoja) <a href=\"https:\/\/twitter.com\/MexRoja\/status\/1191512722917093376?ref_src=twsrc%5Etfw\">5 de noviembre de 2019<\/a><\/blockquote><\/div>\n<\/div><\/figure>\n\n\n\n<p>\u201cLos\npeligros ciernen el ejercicio period\u00edstico en el estado y en el pa\u00eds; pienso\nque vamos a entrar a etapas muy funestas y muy agresivas para la prensa\nindendiente, fif\u00ed o chaira, como le llaman\u201d, dijo Benjam\u00edn Fern\u00e1ndez Pichardo,\ndirector general.<\/p>\n\n\n\n<p>Juan P\u00e9rez\nAudelo, directivo del rotativo con 68 a\u00f1os de vida en la entidad, relat\u00f3 el\ntrabajo period\u00edstico de \u201cEl Imparcial\u201d sobre la venta irregular de lotes, en\nque estar\u00edan coludidos funcionarios de la Vicefiscal\u00eda Regional de la Costa y\/o\npol\u00edticos.<\/p>\n\n\n\n<p>Record\u00f3 que\nal menos cuatro colaboradores de ese medio impreso han sido ejecutados en los\n\u00faltimos a\u00f1os, tres de ellos en la regi\u00f3n del Istmo de Tehuantepec.<\/p>\n\n\n\n<p>\u201cHacemos un\nllamado a cerrar filas, a estar unidos ante las condiciones adversas en las que\nvivimos actualmente, no s\u00f3lo de los poderes f\u00e1cticos, que los hay en todos los\nniveles\u201d, dijo P\u00e9rez Audelo.<\/p>\n\n\n\n<p>\u201cHoy iba a estar presente en esta rueda de prensa nuestro corresponsal en Puerto Escondido, quien no quiero suponerlo o dudarlo, no pudo acudir por miedo, por intimidaci\u00f3n; hemos estado en comunicaci\u00f3n con \u00e9l, nos hubiera gustado que nuestro compa\u00f1ero Miguel Guti\u00e9rrez estuviera con nosotros, fue amenazado, tiene miedo\u201d, agreg\u00f3 Fern\u00e1ndez Pichardo.<\/p>\n\n\n\n<figure class=\"wp-block-embed-twitter wp-block-embed is-type-rich is-provider-twitter\"><div class=\"wp-block-embed__wrapper\">\n<div class=\"twitter-tweet\"><blockquote class=\"twitter-tweet\" data-lang=\"es\"><p lang=\"es\" dir=\"ltr\">\u201cEs muy misterioso que desde que entr\u00f3 el actual fiscal (<a href=\"https:\/\/twitter.com\/RVasconcelosM?ref_src=twsrc%5Etfw\">@RVasconcelosM<\/a>) no hay una rotaci\u00f3n de vicefiscales&#8230; y est\u00e1 visto que no hay justicia, no hay orden y no hay presencia en la conducci\u00f3n de la justicia en el estado\u201d: Benjam\u00edn Fern\u00e1ndez, <a href=\"https:\/\/twitter.com\/ImparcialOaxaca?ref_src=twsrc%5Etfw\">@ImparcialOaxaca<\/a>.<a href=\"https:\/\/twitter.com\/ELPINERO?ref_src=twsrc%5Etfw\">@ELPINERO<\/a> <a href=\"https:\/\/twitter.com\/CNDH?ref_src=twsrc%5Etfw\">@CNDH<\/a> <a href=\"https:\/\/t.co\/vf7JpadW6r\">pic.twitter.com\/vf7JpadW6r<\/a><\/p>&mdash; Zona Roja Oaxaca (@MexRoja) <a href=\"https:\/\/twitter.com\/MexRoja\/status\/1191517111085961217?ref_src=twsrc%5Etfw\">5 de noviembre de 2019<\/a><\/blockquote><\/div>\n<\/div><\/figure>\n\n\n\n<p>&#8211;\u00bfConf\u00edan\nen la Fiscal\u00eda? \u00bfHay garant\u00edas para que por lo menos pueda desempe\u00f1ar sus\nlabores?<\/p>\n\n\n\n<p>&#8211;Quiero\nconfiar en Derechos Humanos, quiero confiar en que por lo menos se dicten\nmedidas cautelares, podr\u00e1 estar a salvo moment\u00e1neamente\u2026 <\/p>\n\n\n\n<p>&#8211;En su\ntexto infieren una probable participaci\u00f3n o protecci\u00f3n o colusi\u00f3n de la\nVicefiscal\u00eda Regional de la Costa.<\/p>\n\n\n\n<p>&#8211;Quiero\ndecirles que es muy misterioso que desde que entr\u00f3 el actual fiscal, no haya\nuna rotaci\u00f3n de vicefiscales en todo el estado, siguen ah\u00ed; est\u00e1 visto pero no\ncomprobado de que no hay justicia, no hay orden, no hay decencia en la\nconducci\u00f3n de la justicia en el estado.<\/p>\n\n\n\n<p>\u201cSobre todo\nhay que ver a esos vicefiscales y salta a la vista simplemente la honestidad de\ntodos ellos; hemos visto las denuncias que se hacen de los reveses del\nministerio p\u00fablico, de los judiciales en todo el estado\u201d, recalc\u00f3 Benjam\u00edn\nFern\u00e1ndez.<\/p>\n","protected":false},"excerpt":{"rendered":"<p>Ismael Garc\u00eda\/Zona Roja. Oaxaca de Ju\u00e1rez, Oax., 4 de noviembre de 2019.- Directivos del peri\u00f3dico&hellip;<\/p>\n","protected":false},"author":2,"featured_media":5428,"comment_status":"closed","ping_status":"open","sticky":false,"template":"","format":"standard","meta":{"_lmt_disableupdate":"","_lmt_disable":"","_jetpack_memberships_contains_paid_content":false,"footnotes":""},"categories":[109,47],"tags":[959,958],"class_list":["post-5427","post","type-post","status-publish","format-standard","has-post-thumbnail","hentry","category-minuto-a-minuto","category-zona-gris","tag-benjamin-fernandez-pichardo","tag-periodico-el-imparcial"],"jetpack_featured_media_url":"https:\/\/zonaroja.com.mx\/wp-content\/uploads\/2019\/11\/Conferencia-El-Imparcial.jpg","jetpack_sharing_enabled":true,"_links":{"self":[{"href":"https:\/\/zonaroja.com.mx\/index.php?rest_route=\/wp\/v2\/posts\/5427","targetHints":{"allow":["GET"]}}],"collection":[{"href":"https:\/\/zonaroja.com.mx\/index.php?rest_route=\/wp\/v2\/posts"}],"about":[{"href":"https:\/\/zonaroja.com.mx\/index.php?rest_route=\/wp\/v2\/types\/post"}],"author":[{"embeddable":true,"href":"https:\/\/zonaroja.com.mx\/index.php?rest_route=\/wp\/v2\/users\/2"}],"replies":[{"embeddable":true,"href":"https:\/\/zonaroja.com.mx\/index.php?rest_route=%2Fwp%2Fv2%2Fcomments&post=5427"}],"version-history":[{"count":1,"href":"https:\/\/zonaroja.com.mx\/index.php?rest_route=\/wp\/v2\/posts\/5427\/revisions"}],"predecessor-version":[{"id":5429,"href":"https:\/\/zonaroja.com.mx\/index.php?rest_route=\/wp\/v2\/posts\/5427\/revisions\/5429"}],"wp:featuredmedia":[{"embeddable":true,"href":"https:\/\/zonaroja.com.mx\/index.php?rest_route=\/wp\/v2\/media\/5428"}],"wp:attachment":[{"href":"https:\/\/zonaroja.com.mx\/index.php?rest_route=%2Fwp%2Fv2%2Fmedia&parent=5427"}],"wp:term":[{"taxonomy":"category","embeddable":true,"href":"https:\/\/zonaroja.com.mx\/index.php?rest_route=%2Fwp%2Fv2%2Fcategories&post=5427"},{"taxonomy":"post_tag","embeddable":true,"href":"https:\/\/zonaroja.com.mx\/index.php?rest_route=%2Fwp%2Fv2%2Ftags&post=5427"}],"curies":[{"name":"wp","href":"https:\/\/api.w.org\/{rel}","templated":true}]}}