{"id":54284,"date":"2023-04-19T21:08:28","date_gmt":"2023-04-20T02:08:28","guid":{"rendered":"http:\/\/www.zonaroja.com.mx\/?p=54284"},"modified":"2023-04-19T21:12:52","modified_gmt":"2023-04-20T02:12:52","slug":"54284","status":"publish","type":"post","link":"https:\/\/zonaroja.com.mx\/?p=54284","title":{"rendered":"M\u00e1s insegura Oaxaca capital en 2023 que en 2022: Encuesta Nacional"},"content":{"rendered":"<p>Yuridiana Sosa\/Zona Roja<\/p>\n<p>Oaxaca de Ju\u00e1rez, Oax., a 19 de abril de 2023.- La percepci\u00f3n ciudadana sobre la inseguridad en la capital oaxaque\u00f1a sigue en aumento durante los primeros meses de 2023, cuando el 72.9 por ciento de la poblaci\u00f3n report\u00f3 sentirse poco segura en la ciudad en la que vive, se\u00f1al\u00f3 la Encuesta Nacional de Seguridad P\u00fablica Urbana (ENSU).<\/p>\n<p>El resultado de la encuesta sobre el primer trimestre de 2023 revel\u00f3 que en Oaxaca de Ju\u00e1rez los niveles de inseguridad durante ese periodo son mayores respecto al de 2022 y al cierre del mismo a\u00f1o.<\/p>\n<p>En marzo de 2022 el 69.9 por ciento de la poblaci\u00f3n capitalina de Oaxaca percibi\u00f3 inseguridad, lo que representa una diferencia de tres puntos porcentuales m\u00e1s para el 2023, mientras que en diciembre de 2022 fue de 72.2 por ciento.<\/p>\n<p>Los resultados del Instituto Nacional de Estad\u00edstica y Geograf\u00eda (Inegi) detallaron que Oaxaca de Ju\u00e1rez obtuvo de las m\u00e1s bajas puntuaci\u00f3n en la \u201cpercepci\u00f3n de la poblaci\u00f3n sobre la efectividad del gobierno de su ciudad para resolver las principales problem\u00e1ticas\u201d, con el 20.4 por ciento, puntuaci\u00f3n que se ubica en el rango m\u00e1s bajo de las calificaciones.<\/p>\n<p>Sobre la \u201cpoblaci\u00f3n de 18 a\u00f1os y m\u00e1s, seg\u00fan nivel de confianza en los actores de la administraci\u00f3n p\u00fablica\u201d, se demostr\u00f3 que tanto el Gobierno del Estado- encabezado por Salom\u00f3n Jara Cruz de Morena- y el municipal- dirigido por Francisco Mart\u00ednez Neri, de Morena- reprobaron.<\/p>\n<p>La poblaci\u00f3n brind\u00f3 la mayor confianza (un rango de m\u00e1ximo 10 y m\u00ednimo cero) al Presidente de la Rep\u00fablica, Andr\u00e9s Manuel L\u00f3pez Obrador, con 6.9; el gobernador, 5.5 y al presidente municipal, 4.8.<\/p>\n<p>As\u00ed tambi\u00e9n que de \u201cla poblaci\u00f3n de 18 a\u00f1os y m\u00e1s que experiment\u00f3 conflictos o enfrentamientos\u201d, pas\u00f3 de 21.4 por ciento en el cuarto trimestre del 2022 a 28.9 por ciento durante el primer trimestre de 2023.<\/p>\n<p>NACIONAL<\/p>\n<p>La Encuesta Nacional de Seguridad P\u00fablica Urbana (ENSU) correspondiente al primer trimestre de 2023 se\u00f1al\u00f3 que el 62.1 por ciento de la poblaci\u00f3n de 18 a\u00f1os y m\u00e1s consider\u00f3 inseguro vivir en su ciudad, lo que represent\u00f3 una disminuci\u00f3n respecto a diciembre de 2022 con 64.2 por ciento y 66.2 por ciento.<\/p>\n<p>Las ciudades con mayor porcentaje de poblaci\u00f3n que se siente insegura fueron: Fresnillo, 96 por ciento; Zacatecas, 94.3 por ciento; Naucalpan de Ju\u00e1rez, 88 por ciento; Ciudad Obreg\u00f3n, 86.4 por ciento; Uruapan, 86.2 por ciento y Colima, 85.7 por ciento.<\/p>\n<p>El 72.9 % de la poblaci\u00f3n manifest\u00f3 sentirse insegura en los cajeros autom\u00e1ticos localizados en la v\u00eda p\u00fablica; 65.2 por ciento, en el transporte p\u00fablico; 55.9 por ciento, en el banco y 54.4 por ciento, en las calles que habitualmente usa.<\/p>\n<p>Sobre la percepci\u00f3n del desempe\u00f1o de las polic\u00edas preventiva municipal, estatal, Guardia Nacional, Ej\u00e9rcito y Marina para prevenir y combatir la delincuencia, consider\u00f3 como muy o algo efectivo en sus labores a la Marina 85.6 por ciento; Ej\u00e9rcito 82.5 por ciento; Guardia Nacional, 73.6 por ciento; Polic\u00eda estatal, 53.2 por ciento y Polic\u00eda preventiva municipal, 45.6 por ciento.<\/p>\n<p>Mientras que el 34.7 por ciento de las ciudades de inter\u00e9s consider\u00f3 que, en los pr\u00f3ximos 12 meses, la situaci\u00f3n de la delincuencia e inseguridad en su ciudad seguir\u00e1 igual de mal.<\/p>\n","protected":false},"excerpt":{"rendered":"<p>Yuridiana Sosa\/Zona Roja Oaxaca de Ju\u00e1rez, Oax., a 19 de abril de 2023.- La percepci\u00f3n&hellip;<\/p>\n","protected":false},"author":2,"featured_media":48311,"comment_status":"closed","ping_status":"open","sticky":false,"template":"","format":"standard","meta":{"_lmt_disableupdate":"","_lmt_disable":"","_jetpack_memberships_contains_paid_content":false,"footnotes":""},"categories":[109,47],"tags":[148,939],"class_list":["post-54284","post","type-post","status-publish","format-standard","has-post-thumbnail","hentry","category-minuto-a-minuto","category-zona-gris","tag-oaxaca-de-juarez","tag-salomon-jara-cruz"],"jetpack_featured_media_url":"https:\/\/zonaroja.com.mx\/wp-content\/uploads\/2022\/11\/Centro-Historico-ciudad-de-Oaxaca-1.jpg","jetpack_sharing_enabled":true,"_links":{"self":[{"href":"https:\/\/zonaroja.com.mx\/index.php?rest_route=\/wp\/v2\/posts\/54284","targetHints":{"allow":["GET"]}}],"collection":[{"href":"https:\/\/zonaroja.com.mx\/index.php?rest_route=\/wp\/v2\/posts"}],"about":[{"href":"https:\/\/zonaroja.com.mx\/index.php?rest_route=\/wp\/v2\/types\/post"}],"author":[{"embeddable":true,"href":"https:\/\/zonaroja.com.mx\/index.php?rest_route=\/wp\/v2\/users\/2"}],"replies":[{"embeddable":true,"href":"https:\/\/zonaroja.com.mx\/index.php?rest_route=%2Fwp%2Fv2%2Fcomments&post=54284"}],"version-history":[{"count":2,"href":"https:\/\/zonaroja.com.mx\/index.php?rest_route=\/wp\/v2\/posts\/54284\/revisions"}],"predecessor-version":[{"id":54286,"href":"https:\/\/zonaroja.com.mx\/index.php?rest_route=\/wp\/v2\/posts\/54284\/revisions\/54286"}],"wp:featuredmedia":[{"embeddable":true,"href":"https:\/\/zonaroja.com.mx\/index.php?rest_route=\/wp\/v2\/media\/48311"}],"wp:attachment":[{"href":"https:\/\/zonaroja.com.mx\/index.php?rest_route=%2Fwp%2Fv2%2Fmedia&parent=54284"}],"wp:term":[{"taxonomy":"category","embeddable":true,"href":"https:\/\/zonaroja.com.mx\/index.php?rest_route=%2Fwp%2Fv2%2Fcategories&post=54284"},{"taxonomy":"post_tag","embeddable":true,"href":"https:\/\/zonaroja.com.mx\/index.php?rest_route=%2Fwp%2Fv2%2Ftags&post=54284"}],"curies":[{"name":"wp","href":"https:\/\/api.w.org\/{rel}","templated":true}]}}