{"id":54287,"date":"2023-04-19T22:24:45","date_gmt":"2023-04-20T03:24:45","guid":{"rendered":"http:\/\/www.zonaroja.com.mx\/?p=54287"},"modified":"2023-04-19T22:26:31","modified_gmt":"2023-04-20T03:26:31","slug":"54287","status":"publish","type":"post","link":"https:\/\/zonaroja.com.mx\/?p=54287","title":{"rendered":"Impulsan iniciativa ciudadana para proteger la libertad de expresi\u00f3n"},"content":{"rendered":"<p>Redacci\u00f3n\/Zona Roja.<\/p>\n<p>Oaxaca de Ju\u00e1rez, Oax., a 19 de abril de 2023.- Como resultado del Conversatorio entre la Sociedad Civil y personas periodistas sobre la&nbsp;iniciativa ciudadana hacia un nuevo sistema de protecci\u00f3n a personas defensoras y periodistas, que se llev\u00f3 a cabo este d\u00eda en el Instituto de Artes Gr\u00e1ficas de Oaxaca (IAGO),&nbsp;representantes de la&nbsp;sociedad civil y&nbsp;personas&nbsp;periodistas&nbsp;acordaron impulsar&nbsp;esta&nbsp;Iniciativa Ciudadana que protege la libertad de expresi\u00f3n y la defensa de derechos humanos.<\/p>\n<p>Asimismo, coincidieron en la necesidad de concretar un espacio com\u00fan&nbsp;para seguir difundiendo el escenario de agresiones y criminalizaci\u00f3n de personas defensoras y periodistas e impulsar un foro amplio de discusi\u00f3n y denuncia en la materia.<\/p>\n<p>En este Conversatorio,&nbsp;se compartieron diversas&nbsp;opiniones sobre &nbsp;la&nbsp;Iniciativa Ciudadana con proyecto de decreto por el cual se reforman y adicionan diversas disposiciones para proteger y garantizar el&nbsp;ejercicio de la libertad de expresi\u00f3n y el derecho de defender los derechos humanos en el estado de Oaxaca.<\/p>\n<p>Al&nbsp;respecto, la integrante del equipo directivo&nbsp;de Consorcio para el Di\u00e1logo Parlamentario y la Equidad,&nbsp;Yesica&nbsp;S\u00e1nchez Maya,&nbsp;record\u00f3&nbsp;que en agosto del a\u00f1o pasado, representantes de diversas organizaciones&nbsp;de la sociedad civil entregaron al Congreso del Estado una iniciativa de reformas a cinco ordenamientos jur\u00eddicos locales, dirigidas a garantizar y proteger la libertad de expresi\u00f3n y la defensa de los derechos humanos en Oaxaca.<\/p>\n<p>La propuesta incluye tambi\u00e9n disposiciones para reforzar y garantizar el cumplimiento de medidas cautelares, as\u00ed como fortalecer el papel de la Defensor\u00eda de los Derechos Humanos&nbsp;del Pueblo de Oaxaca para garantizar la protecci\u00f3n de quienes enfrentan ataques por su labor.<\/p>\n<p>Asimismo, Marcos Leyva Madrid, director de Servicios para Una Educaci\u00f3n Alternativa (EDUCA) A.C., explic\u00f3 que esta&nbsp;iniciativa propone incrementar sanciones penales y administrativas en contra del funcionariado estatal y municipal que impida u obstaculice la libertad de expresi\u00f3n y la defensa de derechos humanos, con el fin de desalentar esas conductas.<\/p>\n<p>La iniciativa, respaldada por 38 organizaciones de la sociedad civil oaxaque\u00f1a,&nbsp;a la que ahora se suman integrantes del gremio period\u00edstico,&nbsp;busca adicionar y reformar diversas disposiciones de la Ley de la Defensor\u00eda de los Derechos Humanos del Pueblo de Oaxaca, la Ley de Responsabilidades Administrativas del Estado, el C\u00f3digo Penal, la Ley Org\u00e1nica Municipal y la Ley Org\u00e1nica del Poder Ejecutivo del Estado de Oaxaca.<\/p>\n<p>En ese&nbsp;contexto,&nbsp;las organizaciones&nbsp;hicieron hincapi\u00e9 en&nbsp;la necesidad de las reformas ante el aumento en la frecuencia y el nivel de violencia de los ataques contra periodistas y personas defensoras en el estado, que han implicado asesinatos, allanamientos, amenazas y otros agravios, principalmente de servidores p\u00fablicos.<\/p>\n<p>En sus intervenciones, representantes de organizaciones&nbsp;y periodistas&nbsp;coincidieron en la existencia de un escenario de impunidad en el marco de los primeros meses de la nueva administraci\u00f3n de Salom\u00f3n Jara Cruz&nbsp;y la&nbsp;estrategia del Estado de dividir las diversas expresiones de oposici\u00f3n&nbsp;y solapar la impunidad.<\/p>\n<p>Tambi\u00e9n&nbsp;se comparti\u00f3&nbsp;que tan solo del a\u00f1o 2018 a la fecha, 184 periodistas han sido&nbsp;v\u00edctimas&nbsp;de agresiones.<\/p>\n<p>Las organizaciones reafirmaron la urgencia y necesidad de transitar de estas reformas que puedan hacer frente a la grave realidad que vive Oaxaca, confiando en el compromiso de la 65 legislatura en la materia.<\/p>\n<p>Cabe destacar que esta iniciativa de reformas legales&nbsp;es&nbsp;respaldada por el titular de la Unidad para la Defensa de los Derechos Humanos de la Secretar\u00eda de Gobernaci\u00f3n (Segob) del gobierno federal, Enrique Irazoque Palazuelos&nbsp;y&nbsp;por la Defensor\u00eda de los Derechos Humanos del Pueblo de Oaxaca (DDHPO).<\/p>\n","protected":false},"excerpt":{"rendered":"<p>Redacci\u00f3n\/Zona Roja. Oaxaca de Ju\u00e1rez, Oax., a 19 de abril de 2023.- Como resultado del&hellip;<\/p>\n","protected":false},"author":2,"featured_media":54288,"comment_status":"closed","ping_status":"open","sticky":false,"template":"","format":"standard","meta":{"_lmt_disableupdate":"","_lmt_disable":"","_jetpack_memberships_contains_paid_content":false,"footnotes":""},"categories":[109,47],"tags":[548],"class_list":["post-54287","post","type-post","status-publish","format-standard","has-post-thumbnail","hentry","category-minuto-a-minuto","category-zona-gris","tag-consorcio-oaxaca"],"jetpack_featured_media_url":"https:\/\/zonaroja.com.mx\/wp-content\/uploads\/2023\/04\/Iniciativa-ciudadana-Consorcio-libertad-de-expresion.jpeg","jetpack_sharing_enabled":true,"_links":{"self":[{"href":"https:\/\/zonaroja.com.mx\/index.php?rest_route=\/wp\/v2\/posts\/54287","targetHints":{"allow":["GET"]}}],"collection":[{"href":"https:\/\/zonaroja.com.mx\/index.php?rest_route=\/wp\/v2\/posts"}],"about":[{"href":"https:\/\/zonaroja.com.mx\/index.php?rest_route=\/wp\/v2\/types\/post"}],"author":[{"embeddable":true,"href":"https:\/\/zonaroja.com.mx\/index.php?rest_route=\/wp\/v2\/users\/2"}],"replies":[{"embeddable":true,"href":"https:\/\/zonaroja.com.mx\/index.php?rest_route=%2Fwp%2Fv2%2Fcomments&post=54287"}],"version-history":[{"count":2,"href":"https:\/\/zonaroja.com.mx\/index.php?rest_route=\/wp\/v2\/posts\/54287\/revisions"}],"predecessor-version":[{"id":54290,"href":"https:\/\/zonaroja.com.mx\/index.php?rest_route=\/wp\/v2\/posts\/54287\/revisions\/54290"}],"wp:featuredmedia":[{"embeddable":true,"href":"https:\/\/zonaroja.com.mx\/index.php?rest_route=\/wp\/v2\/media\/54288"}],"wp:attachment":[{"href":"https:\/\/zonaroja.com.mx\/index.php?rest_route=%2Fwp%2Fv2%2Fmedia&parent=54287"}],"wp:term":[{"taxonomy":"category","embeddable":true,"href":"https:\/\/zonaroja.com.mx\/index.php?rest_route=%2Fwp%2Fv2%2Fcategories&post=54287"},{"taxonomy":"post_tag","embeddable":true,"href":"https:\/\/zonaroja.com.mx\/index.php?rest_route=%2Fwp%2Fv2%2Ftags&post=54287"}],"curies":[{"name":"wp","href":"https:\/\/api.w.org\/{rel}","templated":true}]}}