{"id":54295,"date":"2023-04-20T11:30:35","date_gmt":"2023-04-20T16:30:35","guid":{"rendered":"http:\/\/www.zonaroja.com.mx\/?p=54295"},"modified":"2023-04-20T15:00:33","modified_gmt":"2023-04-20T20:00:33","slug":"54295","status":"publish","type":"post","link":"https:\/\/zonaroja.com.mx\/?p=54295","title":{"rendered":"Fundamental, la labor de defensores de derechos humanos: magistrado Pinacho S\u00e1nchez"},"content":{"rendered":"<p>Redacci\u00f3n\/Zona Roja.<\/p>\n<p>Oaxaca de Ju\u00e1rez, Oax., a 20 de abril de 2023.- El titular del Poder Judicial del Estado, magistrado Eduardo Pinacho S\u00e1nchez, afirm\u00f3 que&nbsp;el papel de las y los defensores de derechos humanos es fundamental en un r\u00e9gimen democr\u00e1tico,&nbsp;ya que uno de los pilares del Estado de derecho se encuentra en la defensa de quienes sufren abusos o violencias a sus derechos humanos.<\/p>\n<p>En los lazos de colaboraci\u00f3n institucional&nbsp;con la Agencia de los Estados Unidos para el Desarrollo Internacional, USAID por sus siglas en ingl\u00e9s y el Programa de Protecci\u00f3n de Personas Defensoras de Derechos Humanos y Periodistas, se realiz\u00f3&nbsp;en el auditorio del Tribunal Superior de Justicia del Estado,&nbsp;la Mesa de An\u00e1lisis&nbsp;Efectos de la Sentencia de la Corte Interamericana Digna Ochoa y familiares vs. M\u00e9xico en el Poder Judicial.<\/p>\n<p>Al dar un mensaje de bienvenida&nbsp;a las y los asistentes, en presencia de la l\u00edder en Procuraci\u00f3n de Justicia del Programa de Protecci\u00f3n de Personas Defensoras de Derechos Humanos y Periodistas, Ivonne Rodr\u00edguez V\u00e1squez,&nbsp;el magistrado presidente&nbsp;reconoci\u00f3 la loable tarea de quienes defienden a las personas cuya particular funci\u00f3n muchas veces los expone p\u00fablicamente y a menudo los vuelve v\u00edctimas del abuso de poder en diferentes formas, el encarcelamiento injusto, la tortura y lamentablemente incluso el homicidio.<\/p>\n<p>Ante magistradas, magistrados, consejeras, consejeros, juezas, jueces&nbsp;y&nbsp;autoridades de diferentes instituciones, consider\u00f3 que el caso de&nbsp;Digna Ochoa es un pendiente en&nbsp;la&nbsp;historia judicial y tambi\u00e9n un llamado para que ning\u00fan delito se resuelva seg\u00fan las circunstancias pol\u00edticas del momento,&nbsp;sino mediante el meticuloso estudio de las pruebas que con apego a derecho motivan una explicaci\u00f3n a las v\u00edctimas de cualquier delito.<\/p>\n<p>\u201cEn este,&nbsp;como en otros casos,&nbsp;de ninguna manera debe privar el olvido sobre todo en un momento de la vida nacional que pone al centro la memoria hist\u00f3rica para construir el futuro\u201d, manifest\u00f3 tras destacar que este encuentro,&nbsp;como en todo di\u00e1logo en el que convergen visiones desde distintos espacios, permitir\u00e1 que&nbsp;la&nbsp;idea de la justicia se resignifique.<\/p>\n<p>Durante la Mesa de An\u00e1lisis,&nbsp;disertaron sobre el tema&nbsp;el&nbsp;director de Control, An\u00e1lisis y Evaluaci\u00f3n de la Comisi\u00f3n Estatal de Derechos Humanos del Estado de&nbsp;Chihuahua, Alejandro Carrasco Talavera y el catedr\u00e1tico&nbsp;de las Universidades de Mil\u00e1n e&nbsp;Insubria, Italia,&nbsp;Adri\u00e1n Renter\u00eda,&nbsp;con la moderaci\u00f3n de la jueza integrante de la Primera Sala Penal del TSJO, Ver\u00f3nica Mar\u00eda de los \u00c1ngeles Morales D\u00edaz.<\/p>\n","protected":false},"excerpt":{"rendered":"<p>Redacci\u00f3n\/Zona Roja. Oaxaca de Ju\u00e1rez, Oax., a 20 de abril de 2023.- El titular del&hellip;<\/p>\n","protected":false},"author":2,"featured_media":54298,"comment_status":"closed","ping_status":"open","sticky":false,"template":"","format":"standard","meta":{"_lmt_disableupdate":"","_lmt_disable":"","_jetpack_memberships_contains_paid_content":false,"footnotes":""},"categories":[109,46],"tags":[223],"class_list":["post-54295","post","type-post","status-publish","format-standard","has-post-thumbnail","hentry","category-minuto-a-minuto","category-zona-blanca","tag-poder-judicial-de-oaxaca"],"jetpack_featured_media_url":"https:\/\/zonaroja.com.mx\/wp-content\/uploads\/2023\/04\/Poder-Judicial-sede-de-la-Mesa-de-Analisis-sobre-el-caso-Digna-Ochoa.jpg","jetpack_sharing_enabled":true,"_links":{"self":[{"href":"https:\/\/zonaroja.com.mx\/index.php?rest_route=\/wp\/v2\/posts\/54295","targetHints":{"allow":["GET"]}}],"collection":[{"href":"https:\/\/zonaroja.com.mx\/index.php?rest_route=\/wp\/v2\/posts"}],"about":[{"href":"https:\/\/zonaroja.com.mx\/index.php?rest_route=\/wp\/v2\/types\/post"}],"author":[{"embeddable":true,"href":"https:\/\/zonaroja.com.mx\/index.php?rest_route=\/wp\/v2\/users\/2"}],"replies":[{"embeddable":true,"href":"https:\/\/zonaroja.com.mx\/index.php?rest_route=%2Fwp%2Fv2%2Fcomments&post=54295"}],"version-history":[{"count":2,"href":"https:\/\/zonaroja.com.mx\/index.php?rest_route=\/wp\/v2\/posts\/54295\/revisions"}],"predecessor-version":[{"id":54321,"href":"https:\/\/zonaroja.com.mx\/index.php?rest_route=\/wp\/v2\/posts\/54295\/revisions\/54321"}],"wp:featuredmedia":[{"embeddable":true,"href":"https:\/\/zonaroja.com.mx\/index.php?rest_route=\/wp\/v2\/media\/54298"}],"wp:attachment":[{"href":"https:\/\/zonaroja.com.mx\/index.php?rest_route=%2Fwp%2Fv2%2Fmedia&parent=54295"}],"wp:term":[{"taxonomy":"category","embeddable":true,"href":"https:\/\/zonaroja.com.mx\/index.php?rest_route=%2Fwp%2Fv2%2Fcategories&post=54295"},{"taxonomy":"post_tag","embeddable":true,"href":"https:\/\/zonaroja.com.mx\/index.php?rest_route=%2Fwp%2Fv2%2Ftags&post=54295"}],"curies":[{"name":"wp","href":"https:\/\/api.w.org\/{rel}","templated":true}]}}