{"id":5430,"date":"2019-11-04T22:28:09","date_gmt":"2019-11-05T04:28:09","guid":{"rendered":"http:\/\/www.zonaroja.com.mx\/?p=5430"},"modified":"2019-11-04T22:28:12","modified_gmt":"2019-11-05T04:28:12","slug":"se-unen-ieepo-y-seccion-22-en-favor-de-la-ninez-y-entregan-apoyos","status":"publish","type":"post","link":"https:\/\/zonaroja.com.mx\/?p=5430","title":{"rendered":"Se unen IEEPO y Secci\u00f3n 22 en favor de la ni\u00f1ez y entregan apoyos"},"content":{"rendered":"\n<p>Redacci\u00f3n\/Zona\nRoja.<\/p>\n\n\n\n<p>Oaxaca de\nJu\u00e1rez, Oax., 4 de noviembre de 2019.- En un marco de respeto y colaboraci\u00f3n,\nel Instituto Estatal de Educaci\u00f3n P\u00fablica de Oaxaca (IEEPO) y la Secci\u00f3n 22 del\nSNTE coincidieron hoy en priorizar la educaci\u00f3n de la ni\u00f1ez.<\/p>\n\n\n\n<p>El director\ngeneral del IEEPO, Francisco \u00c1ngel Villarreal, y el secretario General de la\ngremial, Eloy L\u00f3pez Hern\u00e1ndez, entregaron hoy en Tlaxiaco material, mobiliario\ny equipo a 117 planteles educativos y supervisiones escolares ind\u00edgenas de 36\nmunicipios y 65 localidades de la regi\u00f3n Mixteca, en beneficio de siete mil 528\nalumnos y 422 docentes.<\/p>\n\n\n\n<p>En un\ncomunicado, el gobierno estatal inform\u00f3 que en un acto sin precedentes que\nrefrenda el compromiso de la administraci\u00f3n estatal de velar por el inter\u00e9s\nsuperior de las ni\u00f1as y ni\u00f1os de la entidad, garantizando su derecho a la\neducaci\u00f3n en mejores condiciones y de fortalecer la relaci\u00f3n respetuosa con el\nmagisterio, se efectu\u00f3 tambi\u00e9n la Ceremonia C\u00edvica de abanderamiento a escoltas\nde 10 instituciones de educaci\u00f3n preescolar, primaria, secundaria y\ntelesecundaria.<\/p>\n\n\n\n<p>Ante el\npresidente municipal, Gaudencio Ortiz Cruz y del secretario general de la\nSecci\u00f3n 22 del Sindicato Nacional de Trabajadores de la Educaci\u00f3n (SNTE), Eloy\nL\u00f3pez Hern\u00e1ndez, el director General del IEEPO destac\u00f3 la significativa\ninversi\u00f3n de m\u00e1s de cuatro millones 61 mil pesos en material, mobiliario y\nequipo, con el cual de siete mil 528 alumnos y 422 docentes desarrollar\u00e1n sus\nactividades escolares cotidianas con mayor facilidad.<\/p>\n\n\n\n<p>En presencia tambi\u00e9n de la diputada local Roc\u00edo Machuca Rojas y el diputado local Emilio Joaqu\u00edn Garc\u00eda Aguilar, estudiantes, maestros y padres de familia de las instituciones educativas beneficiadas, reunidos en la explanada municipal de Tlaxiaco, puntualiz\u00f3 que el gobernador Alejandro Murat Hinojosa se ha declarado \u201cel mejor aliado de la educaci\u00f3n de las ni\u00f1os y ni\u00f1os y del magisterio\u201d para consolidar una educaci\u00f3n de calidad.<\/p>\n\n\n\n<figure class=\"wp-block-embed-twitter wp-block-embed is-type-rich is-provider-twitter\"><div class=\"wp-block-embed__wrapper\">\n<div class=\"twitter-tweet\"><blockquote class=\"twitter-tweet\" data-lang=\"es\"><p lang=\"es\" dir=\"ltr\">A nombre del Gobernador <a href=\"https:\/\/twitter.com\/alejandromurat?ref_src=twsrc%5Etfw\">@alejandromurat<\/a>, el Dir. del IEEPO <a href=\"https:\/\/twitter.com\/VillarrealPaco?ref_src=twsrc%5Etfw\">@VillarrealPaco<\/a> entreg\u00f3 en Tlaxiaco mobiliario y equipo a 117 escuelas de la Mixteca en beneficio de 7,528 alumnos y 422 docentes. Le acompa\u00f1\u00f3 el pte. mpal. <a href=\"https:\/\/twitter.com\/GaudencioOrtizC?ref_src=twsrc%5Etfw\">@GaudencioOrtizC<\/a> y el dirigente de Secci\u00f3n XXII, Eloy L\u00f3pez Hdez <a href=\"https:\/\/t.co\/n5DbuIBahk\">pic.twitter.com\/n5DbuIBahk<\/a><\/p>&mdash; IEEPO (@IEEPOGobOax) <a href=\"https:\/\/twitter.com\/IEEPOGobOax\/status\/1191397215937449984?ref_src=twsrc%5Etfw\">4 de noviembre de 2019<\/a><\/blockquote><\/div>\n<\/div><\/figure>\n\n\n\n<p>Resalt\u00f3 que\neste evento marca un precedente ya que \u201cen un ejercicio de dialogo respetuoso\u201d,\ncomo lo ha promovido el mandatario estatal, en donde cada instancia tiene su\nespacio de toma de decisiones, se convierte en un punto de encuentro entre los\nmaestros, su representaci\u00f3n sindical y el Gobierno del Estado, teniendo como\ntestigos a integrantes del Poder Legislativo y la Autoridad Municipal.&nbsp; Por otra parte, se refiri\u00f3 a los alcances del\nprograma \u201cLa escuela es nuestra\u201d.<\/p>\n\n\n\n<p>El\nsecretario general de la Secci\u00f3n 22 del SNTE, Eloy L\u00f3pez Hern\u00e1ndez se\u00f1al\u00f3 que\nen coordinaci\u00f3n con el Director General del IEEPO realizan un trabajo conjunto\na favor de la educaci\u00f3n de las ni\u00f1as, ni\u00f1os y j\u00f3venes oaxaque\u00f1os. \u201cHemos\npriorizado el dialogo, vamos a seguir luchando, trabajando porque tenemos un\nobjetivo com\u00fan que es mejorar la educaci\u00f3n de Oaxaca\u201d, dijo.<\/p>\n\n\n\n<p>Apunt\u00f3 que\nlas y los maestros deben caminar juntos con el objetivo de que la educaci\u00f3n\ntenga las mejores condiciones para su desarrollo y que las actividades\nescolares se realicen de la mejor manera.<\/p>\n\n\n\n<p>Reconoci\u00f3 a\nlas y los docentes que realizan las peticiones ante el IEEPO para que se cuente\ncon equipamiento escolar. Es el inicio de un trabajo que tiene que ser\nreflejado en cada una de las escuelas a favor de la educaci\u00f3n y de los\nescolares oaxaque\u00f1os, destac\u00f3 el Dirigente Sindical.<\/p>\n\n\n\n<p>A nombre de\nlas y los alumnos beneficiados, el estudiante Yahir Velasco Reyes, de la\nEscuela Leyes de Reforma, agradeci\u00f3 a las autoridades el trabajo conjunto con\nlos docentes y padres de familia para la dotaci\u00f3n de los materiales necesarios\na los centros educativos.<\/p>\n","protected":false},"excerpt":{"rendered":"<p>Redacci\u00f3n\/Zona Roja. Oaxaca de Ju\u00e1rez, Oax., 4 de noviembre de 2019.- En un marco de&hellip;<\/p>\n","protected":false},"author":2,"featured_media":5431,"comment_status":"closed","ping_status":"open","sticky":false,"template":"","format":"standard","meta":{"_lmt_disableupdate":"","_lmt_disable":"","_jetpack_memberships_contains_paid_content":false,"footnotes":""},"categories":[109,46],"tags":[599,312],"class_list":["post-5430","post","type-post","status-publish","format-standard","has-post-thumbnail","hentry","category-minuto-a-minuto","category-zona-blanca","tag-instituto-estatal-de-educacion-publica-de-oaxaca","tag-seccion-22-del-snte"],"jetpack_featured_media_url":"https:\/\/zonaroja.com.mx\/wp-content\/uploads\/2019\/11\/IEEPO-2.jpeg","jetpack_sharing_enabled":true,"_links":{"self":[{"href":"https:\/\/zonaroja.com.mx\/index.php?rest_route=\/wp\/v2\/posts\/5430","targetHints":{"allow":["GET"]}}],"collection":[{"href":"https:\/\/zonaroja.com.mx\/index.php?rest_route=\/wp\/v2\/posts"}],"about":[{"href":"https:\/\/zonaroja.com.mx\/index.php?rest_route=\/wp\/v2\/types\/post"}],"author":[{"embeddable":true,"href":"https:\/\/zonaroja.com.mx\/index.php?rest_route=\/wp\/v2\/users\/2"}],"replies":[{"embeddable":true,"href":"https:\/\/zonaroja.com.mx\/index.php?rest_route=%2Fwp%2Fv2%2Fcomments&post=5430"}],"version-history":[{"count":1,"href":"https:\/\/zonaroja.com.mx\/index.php?rest_route=\/wp\/v2\/posts\/5430\/revisions"}],"predecessor-version":[{"id":5432,"href":"https:\/\/zonaroja.com.mx\/index.php?rest_route=\/wp\/v2\/posts\/5430\/revisions\/5432"}],"wp:featuredmedia":[{"embeddable":true,"href":"https:\/\/zonaroja.com.mx\/index.php?rest_route=\/wp\/v2\/media\/5431"}],"wp:attachment":[{"href":"https:\/\/zonaroja.com.mx\/index.php?rest_route=%2Fwp%2Fv2%2Fmedia&parent=5430"}],"wp:term":[{"taxonomy":"category","embeddable":true,"href":"https:\/\/zonaroja.com.mx\/index.php?rest_route=%2Fwp%2Fv2%2Fcategories&post=5430"},{"taxonomy":"post_tag","embeddable":true,"href":"https:\/\/zonaroja.com.mx\/index.php?rest_route=%2Fwp%2Fv2%2Ftags&post=5430"}],"curies":[{"name":"wp","href":"https:\/\/api.w.org\/{rel}","templated":true}]}}