{"id":54306,"date":"2023-04-20T09:51:00","date_gmt":"2023-04-20T14:51:00","guid":{"rendered":"http:\/\/www.zonaroja.com.mx\/?p=54306"},"modified":"2023-04-20T12:39:42","modified_gmt":"2023-04-20T17:39:42","slug":"54306","status":"publish","type":"post","link":"https:\/\/zonaroja.com.mx\/?p=54306","title":{"rendered":"Pese a restituci\u00f3n, sigue resistencia contra regidora violentada de El Espinal"},"content":{"rendered":"<p>Yuridiana Sosa\/Zona Roja.<\/p>\n<p>Oaxaca de Ju\u00e1rez, Oax., a 20 de abril de 2023.- A casi cinco meses de ser restituida en su cargo tras un juicio por violencia pol\u00edtica en raz\u00f3n de g\u00e9nero, cometida por el edil Joselito Valencia L\u00f3pez e integrantes del Cabildo, la regidora de Obras de Ayuntamiento de El Espinal, Nadia Vera L\u00f3pez, sigue padeciendo de la resistencia a su cargo por parte de algunos funcionarios.<\/p>\n<p>Entrevistada en el programa \u201cDe frente con\u201d del medio local \u201cCortamortaja\u201d, la regidora se\u00f1al\u00f3 que durante este tiempo se ha encontrado con varios obst\u00e1culos, pues se mantiene la inconformidad de su regreso o a que ella cumpla con ese cargo por parte de sus compa\u00f1eros.<\/p>\n<p>Sin embargo, indic\u00f3 que eso no las desmotiva a trabajar y hacer gestiones en busca de recursos para la obra p\u00fablica de este a\u00f1o.<\/p>\n<p>Pero a la par de esto, dijo, sigue vigente otro proceso en el marco de los hechos que violaron sus derechos pol\u00edticos, con relaci\u00f3n al cierre de las oficinas de la Regidur\u00eda de Obras y la extracci\u00f3n de documentos en el tiempo que no ocup\u00f3 el cargo durante el 2022.<\/p>\n<p>SIN RUMBO<\/p>\n<p>El gobierno de El Espinal que dirige Joselito Valencia L\u00f3pez se mantiene actualmente \u201csin rumbo\u201d a falta de liderazgo y una planeaci\u00f3n, reconoci\u00f3 Vera L\u00f3pez.<\/p>\n<p>Esa situaci\u00f3n, agreg\u00f3, empeora con el divisionismo que existe entre los funcionarios, lo que dificulta el ejercicio de los proyectos.<\/p>\n<p>En lo que respecto a su \u00e1rea, apunt\u00f3 que inici\u00f3 una revisi\u00f3n interna de los expedientes de obras durante el tiempo de ausencia, y de encontrar anomal\u00edas las denunciar\u00e1 de manera p\u00fablica y ante la autoridad correspondiente.<\/p>\n<p>ANTECEDENTE<\/p>\n<p>Nadia Vera L\u00f3pez fue removida de manera injustificada e ilegal de su cargo como regidora de Obras por parte del Cabildo para designarla como regidora de Equidad de G\u00e9nero y Grupos Vulnerables.<\/p>\n<p>En una denuncia p\u00fablica en junio de 2022, la afectada indic\u00f3 que desde febrero que comenz\u00f3 a pedir la transparencia de las obras que se ejecutar\u00eda ese a\u00f1o inici\u00f3 un proceso de invisibilidad en su contra para no ser tomada en cuenta de las decisiones del ayuntamiento.<\/p>\n<p>Por lo que demand\u00f3 ante el Tribunal Electoral del Estado de Oaxaca por violencia pol\u00edtica en raz\u00f3n de g\u00e9nero, el cual en octubre fall\u00f3 a su favor, y se orden\u00f3 al Cabildo la restituci\u00f3n de su cargo.<\/p>\n<p>Como parte de la sentencia, el 31 de octubre, cuando vuelve a su cargo, el Cabildo ofreci\u00f3 una disculpa p\u00fablica a la regidora, pero en la que el edil como algunos regidores expresaron que no estaban de acuerdo con el fallo, lo que provoc\u00f3 que el TEEO ordenara repetir el acto bajo los par\u00e1metros establecidos.<\/p>\n<p>En tanto que el 3 de noviembre al abrir sus oficinas se da cuenta del saqueo del espacio, tanto de los muebles como de los documentos.<\/p>\n<p>Por el caso de violencia pol\u00edtica por raz\u00f3n de g\u00e9nero, el TEEO tambi\u00e9n orden\u00f3 la integraci\u00f3n de los agresores al Sistema de registro de los ciudadanos que ejercieron ese tipo de violencia.<\/p>\n","protected":false},"excerpt":{"rendered":"<p>Yuridiana Sosa\/Zona Roja. Oaxaca de Ju\u00e1rez, Oax., a 20 de abril de 2023.- A casi&hellip;<\/p>\n","protected":false},"author":2,"featured_media":54307,"comment_status":"closed","ping_status":"open","sticky":false,"template":"","format":"standard","meta":{"_lmt_disableupdate":"","_lmt_disable":"","_jetpack_memberships_contains_paid_content":false,"footnotes":""},"categories":[109,47],"tags":[3516],"class_list":["post-54306","post","type-post","status-publish","format-standard","has-post-thumbnail","hentry","category-minuto-a-minuto","category-zona-gris","tag-nadia-vera-lopez-el-espinal"],"jetpack_featured_media_url":"https:\/\/zonaroja.com.mx\/wp-content\/uploads\/2023\/04\/Regidora-El-Espinal-Nadia-Vera-Lopez.webp","jetpack_sharing_enabled":true,"_links":{"self":[{"href":"https:\/\/zonaroja.com.mx\/index.php?rest_route=\/wp\/v2\/posts\/54306","targetHints":{"allow":["GET"]}}],"collection":[{"href":"https:\/\/zonaroja.com.mx\/index.php?rest_route=\/wp\/v2\/posts"}],"about":[{"href":"https:\/\/zonaroja.com.mx\/index.php?rest_route=\/wp\/v2\/types\/post"}],"author":[{"embeddable":true,"href":"https:\/\/zonaroja.com.mx\/index.php?rest_route=\/wp\/v2\/users\/2"}],"replies":[{"embeddable":true,"href":"https:\/\/zonaroja.com.mx\/index.php?rest_route=%2Fwp%2Fv2%2Fcomments&post=54306"}],"version-history":[{"count":2,"href":"https:\/\/zonaroja.com.mx\/index.php?rest_route=\/wp\/v2\/posts\/54306\/revisions"}],"predecessor-version":[{"id":54315,"href":"https:\/\/zonaroja.com.mx\/index.php?rest_route=\/wp\/v2\/posts\/54306\/revisions\/54315"}],"wp:featuredmedia":[{"embeddable":true,"href":"https:\/\/zonaroja.com.mx\/index.php?rest_route=\/wp\/v2\/media\/54307"}],"wp:attachment":[{"href":"https:\/\/zonaroja.com.mx\/index.php?rest_route=%2Fwp%2Fv2%2Fmedia&parent=54306"}],"wp:term":[{"taxonomy":"category","embeddable":true,"href":"https:\/\/zonaroja.com.mx\/index.php?rest_route=%2Fwp%2Fv2%2Fcategories&post=54306"},{"taxonomy":"post_tag","embeddable":true,"href":"https:\/\/zonaroja.com.mx\/index.php?rest_route=%2Fwp%2Fv2%2Ftags&post=54306"}],"curies":[{"name":"wp","href":"https:\/\/api.w.org\/{rel}","templated":true}]}}