{"id":54311,"date":"2023-04-20T11:10:28","date_gmt":"2023-04-20T16:10:28","guid":{"rendered":"http:\/\/www.zonaroja.com.mx\/?p=54311"},"modified":"2023-04-20T15:00:10","modified_gmt":"2023-04-20T20:00:10","slug":"54311","status":"publish","type":"post","link":"https:\/\/zonaroja.com.mx\/?p=54311","title":{"rendered":"En asamblea, rechazan pobladores de San Lorenzo Albarradas el tiradero de basura"},"content":{"rendered":"<p>Redacci\u00f3n\/Informativo 570.<\/p>\n<p>Oaxaca de Ju\u00e1rez, Oax., a 20 de abril de 2023.- Pese a que el Gobierno del Estado anunci\u00f3 con bombo y platillo que despu\u00e9s de varios meses de b\u00fasqueda, por fin hab\u00eda conciliado con un municipio para la instalaci\u00f3n del Centro Integral de Revalorizaci\u00f3n de Residuos S\u00f3lidos Urbanos (CIRRSU), ahora salen diversas voces a mostrar su inconformidad por dicho anuncio.<\/p>\n<p>A trav\u00e9s de un video y ante la presencia de autoridades de San Lorenzo Albarradas, el gobernador Salom\u00f3n Jara dijo que ser\u00eda en 16 hect\u00e1reas de terreno ubicadas en este lugar, donde estar\u00eda ubicado el CIRRSU, ante la anuencia del pueblo que hab\u00eda aceptado su instalaci\u00f3n.<span class=\"Apple-converted-space\">&nbsp;<\/span><\/p>\n<p>Sin embargo, a trav\u00e9s de las redes sociales, un numeroso grupo de habitantes de este lugar, han mostrado su inconformidad ante lo que ellos llamaron un \u201cproyecto peligroso que no fue consensuado entre la poblaci\u00f3n, ya que traer\u00e1 una fuerte contaminaci\u00f3n por las toneladas de desechos que ingresar\u00e1n diariamente a esta poblaci\u00f3n\u201d.<span class=\"Apple-converted-space\">&nbsp;<\/span><\/p>\n<p>Incluso, una p\u00e1gina dedicada a mostrar las bellezas de San Lorenzo Albarradas y comunidades aleda\u00f1as, realiz\u00f3 un video que hasta la fecha ha sido compartido por los cibernautas, donde se habla tambi\u00e9n de lo que significar\u00e1 tener el CIRRSU en medio de estas tierras.<span class=\"Apple-converted-space\">&nbsp;<\/span><\/p>\n<p>En su momento, al ser anunciada la sede del Centro Integral de Revalorizaci\u00f3n de Residuos S\u00f3lidos Urbanos, las autoridades se\u00f1alaron que los beneficios de este proyecto hab\u00edan sido mostrados a autoridades y comuneros de San Lorenzo Albarradas, quienes incluso hab\u00edan acudido a la Ciudad de M\u00e9xico, para conocer la planta ubicada en este lugar.<span class=\"Apple-converted-space\">&nbsp;<\/span><\/p>\n<p>Jara Cruz acus\u00f3 adem\u00e1s al Edil de San Pablo Villa de Mitla, de ser el principal opositor de este centro, sin tener las pruebas que comprobaran su dicho, pero ahora no solo es \u00e9l, sino un numeroso grupo de habitantes de comunidades aleda\u00f1as, quienes se oponen a la instalaci\u00f3n de la planta.<span class=\"Apple-converted-space\">&nbsp;<\/span><\/p>\n<p>Al final de la asamblea, la mayor\u00eda de los pobladores vot\u00f3 a mano alzada por el rechazo a la instalaci\u00f3n del tiradero que recoger\u00eda basura de m\u00e1s de 25 municipios de la regi\u00f3n Valles Centrales del estado.<\/p>\n","protected":false},"excerpt":{"rendered":"<p>Redacci\u00f3n\/Informativo 570. Oaxaca de Ju\u00e1rez, Oax., a 20 de abril de 2023.- Pese a que&hellip;<\/p>\n","protected":false},"author":2,"featured_media":54312,"comment_status":"closed","ping_status":"open","sticky":false,"template":"","format":"standard","meta":{"_lmt_disableupdate":"","_lmt_disable":"","_jetpack_memberships_contains_paid_content":false,"footnotes":""},"categories":[109,47],"tags":[334],"class_list":["post-54311","post","type-post","status-publish","format-standard","has-post-thumbnail","hentry","category-minuto-a-minuto","category-zona-gris","tag-san-lorenzo-albarradas"],"jetpack_featured_media_url":"https:\/\/zonaroja.com.mx\/wp-content\/uploads\/2023\/04\/Asamblea-San-Lorenzo-Albarradas.jpg","jetpack_sharing_enabled":true,"_links":{"self":[{"href":"https:\/\/zonaroja.com.mx\/index.php?rest_route=\/wp\/v2\/posts\/54311","targetHints":{"allow":["GET"]}}],"collection":[{"href":"https:\/\/zonaroja.com.mx\/index.php?rest_route=\/wp\/v2\/posts"}],"about":[{"href":"https:\/\/zonaroja.com.mx\/index.php?rest_route=\/wp\/v2\/types\/post"}],"author":[{"embeddable":true,"href":"https:\/\/zonaroja.com.mx\/index.php?rest_route=\/wp\/v2\/users\/2"}],"replies":[{"embeddable":true,"href":"https:\/\/zonaroja.com.mx\/index.php?rest_route=%2Fwp%2Fv2%2Fcomments&post=54311"}],"version-history":[{"count":2,"href":"https:\/\/zonaroja.com.mx\/index.php?rest_route=\/wp\/v2\/posts\/54311\/revisions"}],"predecessor-version":[{"id":54320,"href":"https:\/\/zonaroja.com.mx\/index.php?rest_route=\/wp\/v2\/posts\/54311\/revisions\/54320"}],"wp:featuredmedia":[{"embeddable":true,"href":"https:\/\/zonaroja.com.mx\/index.php?rest_route=\/wp\/v2\/media\/54312"}],"wp:attachment":[{"href":"https:\/\/zonaroja.com.mx\/index.php?rest_route=%2Fwp%2Fv2%2Fmedia&parent=54311"}],"wp:term":[{"taxonomy":"category","embeddable":true,"href":"https:\/\/zonaroja.com.mx\/index.php?rest_route=%2Fwp%2Fv2%2Fcategories&post=54311"},{"taxonomy":"post_tag","embeddable":true,"href":"https:\/\/zonaroja.com.mx\/index.php?rest_route=%2Fwp%2Fv2%2Ftags&post=54311"}],"curies":[{"name":"wp","href":"https:\/\/api.w.org\/{rel}","templated":true}]}}