{"id":54326,"date":"2023-04-20T19:31:50","date_gmt":"2023-04-21T00:31:50","guid":{"rendered":"http:\/\/www.zonaroja.com.mx\/?p=54326"},"modified":"2023-04-20T19:35:56","modified_gmt":"2023-04-21T00:35:56","slug":"54326","status":"publish","type":"post","link":"https:\/\/zonaroja.com.mx\/?p=54326","title":{"rendered":"En gobierno de Jara Cruz van ocho maestros asesinados; Secci\u00f3n 22 exige justicia"},"content":{"rendered":"<p>Yuridiana Sosa\/Zona Roja.<\/p>\n<p>Oaxaca de Ju\u00e1rez, Oax., a 20 de abril de 2023.- La Secci\u00f3n 22 del Sindicato Nacional de Trabajadores de la Educaci\u00f3n (SNTE) se pronunci\u00f3 contra el asesinato de un profesor ocurrido este jueves en el municipio de Tlaxiaco y exigi\u00f3 justicia por los ocho casos que han ocurrido en el gobierno de Salom\u00f3n Jara Cruz.<\/p>\n<p>Representantes del Comit\u00e9 Ejecutivo Seccional (CES) se\u00f1alaron que se reservan el derecho de manifestarse ante omisi\u00f3n del gobierno de garantizar la labor del magisterio, el cual apenas este mi\u00e9rcoles denunciaron la ola de violencia que se vive y afecta a los maestros de Santiago Amoltepec.<\/p>\n<p>El integrante del CES de la Secci\u00f3n 22 del SNTE, Luis Alberto L\u00f3pez Pasos, asever\u00f3 que es necesario que se aceleren las investigaciones para esclarecer los cr\u00edmenes de los agremiados.<\/p>\n<p>De diciembre a este 20 de abril se han registrado cinco asesinatos de trabajadores de la educaci\u00f3n en Santiago Amoltepec, de la regi\u00f3n de la Sierra Sur; dos en la Mixteca \u2014en Teposcolula y Tlaxiaco\u2014; as\u00ed como uno m\u00e1s en Tuxtepec, en la Cuenca del Papaloapan. Los dos \u00faltimos ocurrieron en menos de 24 horas.<\/p>\n<p>Mientras que existen al menos otros seis casos, entre el 2021 y 2022, de agremiados v\u00edctimas de violencia con agresiones o asesinatos que siguen reservados en la Fiscal\u00eda de Oaxaca, detall\u00f3 la Secci\u00f3n 22.<\/p>\n<div class=\"twitter-tweet\">\n<blockquote class=\"twitter-tweet\" data-lang=\"es\">\n<p lang=\"es\" dir=\"ltr\"><a href=\"https:\/\/twitter.com\/hashtag\/ENVIVO?src=hash&amp;ref_src=twsrc%5Etfw\">#ENVIVO<\/a><br \/>Oaxaca de Ju\u00e1rez, Oax., a 20 de abril de 2023.- Conferencia de prensa de dirigentes de la Secci\u00f3n 22 del SNTE, para exigir justicia por el profesor asesinado hoy en la Heroica Ciudad de Tlaxiaco.<\/p>\n<p>Transmisi\u00f3n \ud83d\udc47<a href=\"https:\/\/t.co\/mA7iuZfNEb\">https:\/\/t.co\/mA7iuZfNEb<\/a> <a href=\"https:\/\/t.co\/cWGDAmZBCJ\">pic.twitter.com\/cWGDAmZBCJ<\/a><\/p>\n<p>&mdash; Zona Roja Oaxaca (@ZonaRoja_Oaxaca) <a href=\"https:\/\/twitter.com\/ZonaRoja_Oaxaca\/status\/1649149848589856793?ref_src=twsrc%5Etfw\">20 de abril de 2023<\/a><\/p><\/blockquote>\n<\/div>\n<p>Sobre el caso m\u00e1s reciente, llamaron al gobierno municipal de la de la Heroica Ciudad de Tlaxiaco y al Gobierno del Estado a realizar las colaboraciones y acciones necesarias para esclarecer el caso y lograr la detenci\u00f3n y justicia de las personas responsables.<\/p>\n<p>Hasta el momento, la Secci\u00f3n 22 del SNTE no cuenta con informaci\u00f3n sobre alg\u00fan antecedente de amenazas o situaciones de riesgo que haya recibido el profesor o su familia.<\/p>\n<p>Dentro del magisterio, el docente Adalberto Nicol\u00e1s Cervantes se destac\u00f3 por m\u00e1s de tres d\u00e9cadas en su labor acad\u00e9mica, principalmente como profesor de Educaci\u00f3n F\u00edsica. Su \u00faltimo cargo hasta este jueves fue el de subdirector de la Escuela Secundaria T\u00e9cnica 36, de Tlaxiaco.<\/p>\n<p>El maestro fue interceptado y asesinado por sujetos desconocidos durante la ma\u00f1ana de este jueves en la calle Jacinto Canek de la colonia Benito Ju\u00e1rez cuando se dirig\u00eda a su centro de trabajo<\/p>\n<p>Como parte de la exigencia de justicia, esta tarde el Sector Tlaxiaco se moviliz\u00f3 con una marcha en las principales calles del municipio y despu\u00e9s realiz\u00f3 un mitin en la plaza principal.<\/p>\n","protected":false},"excerpt":{"rendered":"<p>Yuridiana Sosa\/Zona Roja. Oaxaca de Ju\u00e1rez, Oax., a 20 de abril de 2023.- La Secci\u00f3n&hellip;<\/p>\n","protected":false},"author":2,"featured_media":54329,"comment_status":"closed","ping_status":"open","sticky":false,"template":"","format":"standard","meta":{"_lmt_disableupdate":"","_lmt_disable":"","_jetpack_memberships_contains_paid_content":false,"footnotes":""},"categories":[109,47],"tags":[643,312],"class_list":["post-54326","post","type-post","status-publish","format-standard","has-post-thumbnail","hentry","category-minuto-a-minuto","category-zona-gris","tag-heroica-ciudad-de-tlaxiaco","tag-seccion-22-del-snte"],"jetpack_featured_media_url":"https:\/\/zonaroja.com.mx\/wp-content\/uploads\/2023\/04\/Conferencia-de-prensa-de-la-Seccion-22-caso-profesor-asesinado-Tlaxiaco.jpg","jetpack_sharing_enabled":true,"_links":{"self":[{"href":"https:\/\/zonaroja.com.mx\/index.php?rest_route=\/wp\/v2\/posts\/54326","targetHints":{"allow":["GET"]}}],"collection":[{"href":"https:\/\/zonaroja.com.mx\/index.php?rest_route=\/wp\/v2\/posts"}],"about":[{"href":"https:\/\/zonaroja.com.mx\/index.php?rest_route=\/wp\/v2\/types\/post"}],"author":[{"embeddable":true,"href":"https:\/\/zonaroja.com.mx\/index.php?rest_route=\/wp\/v2\/users\/2"}],"replies":[{"embeddable":true,"href":"https:\/\/zonaroja.com.mx\/index.php?rest_route=%2Fwp%2Fv2%2Fcomments&post=54326"}],"version-history":[{"count":2,"href":"https:\/\/zonaroja.com.mx\/index.php?rest_route=\/wp\/v2\/posts\/54326\/revisions"}],"predecessor-version":[{"id":54333,"href":"https:\/\/zonaroja.com.mx\/index.php?rest_route=\/wp\/v2\/posts\/54326\/revisions\/54333"}],"wp:featuredmedia":[{"embeddable":true,"href":"https:\/\/zonaroja.com.mx\/index.php?rest_route=\/wp\/v2\/media\/54329"}],"wp:attachment":[{"href":"https:\/\/zonaroja.com.mx\/index.php?rest_route=%2Fwp%2Fv2%2Fmedia&parent=54326"}],"wp:term":[{"taxonomy":"category","embeddable":true,"href":"https:\/\/zonaroja.com.mx\/index.php?rest_route=%2Fwp%2Fv2%2Fcategories&post=54326"},{"taxonomy":"post_tag","embeddable":true,"href":"https:\/\/zonaroja.com.mx\/index.php?rest_route=%2Fwp%2Fv2%2Ftags&post=54326"}],"curies":[{"name":"wp","href":"https:\/\/api.w.org\/{rel}","templated":true}]}}