{"id":5433,"date":"2019-11-05T07:28:51","date_gmt":"2019-11-05T13:28:51","guid":{"rendered":"http:\/\/www.zonaroja.com.mx\/?p=5433"},"modified":"2019-11-05T07:28:54","modified_gmt":"2019-11-05T13:28:54","slug":"recrudece-conflicto-entre-mototaxistas-en-la-capital-tres-heridos-de-bala","status":"publish","type":"post","link":"https:\/\/zonaroja.com.mx\/?p=5433","title":{"rendered":"Recrudece conflicto entre mototaxistas en la capital; tres heridos de bala"},"content":{"rendered":"\n<p>Redacci\u00f3n\/Zona\nRoja.<\/p>\n\n\n\n<p>Oaxaca de\nJu\u00e1rez, Oax., 5 de noviembre de 2019.- Tras los hechos violentos entre\nmototaxistas ayer en la agencia de Dolores, ciudad de Oaxaca, que dej\u00f3 como\nsaldo al menos tres personas lesionadas y una unidad quemada, una de las partes\ninvolucradas inici\u00f3 bloqueos.<\/p>\n\n\n\n<p>Anoche,\npresuntos integrantes del Sindicato \u201cLibertad\u201d bloquearon el crucero de la\navenida S\u00edmbolos Patrios, en inmediaciones de La Experimental, San Antonio de\nla Cal, para exigir justicia.<\/p>\n\n\n\n<p>Al no hallar\nrespuesta de la Fiscal\u00eda General del Estado, se trasladaron a la Ciudad\nJudicial, oficinas de gobierno en San Bartolo Coyotepec, donde permanecen esta\nma\u00f1ana, por lo cual las autoridades decidieron suspender labores.<\/p>\n\n\n\n<p>La disputa a\nbalazos inici\u00f3 ayer por la tarde, entre integrantes del Sindicato \u201cLibertad\u201d y\nde CATEM Joven (Confederaci\u00f3n Aut\u00f3noma de Trabajadores y Empleados de M\u00e9xico).<\/p>\n\n\n\n<p>Fue en la\ncalle Porfirio D\u00edaz de la agencia municipal de Dolores se suscit\u00f3 el\nenfrentamiento entre los transportistas y tres resultaron heridos, uno de ellos\nde bala y otros con golpes.<\/p>\n\n\n\n<p>De acuerdo\ncon Rafael N\u00fa\u00f1ez, dirigente de los mototaxis \u201cChoferes Unidos\u201d, adherido al Sindicato\n\u201cLibertad\u201d y apoyado por Guadalupe D\u00edaz Pantoja, los atacantes llegaron a su\ndomicilio para balearlo y fueron quienes quemaron el mototaxi.<\/p>\n\n\n\n<p>Relat\u00f3 que\npersonal de la Fiscal\u00eda General se neg\u00f3 a acudir al lugar, a pesar que hab\u00eda\ncasquillos percutidos, manchas hem\u00e1ticas y huellas de los impactos en una\ncamioneta, un autom\u00f3vil y dos viviendas.<\/p>\n","protected":false},"excerpt":{"rendered":"<p>Redacci\u00f3n\/Zona Roja. Oaxaca de Ju\u00e1rez, Oax., 5 de noviembre de 2019.- Tras los hechos violentos&hellip;<\/p>\n","protected":false},"author":2,"featured_media":5434,"comment_status":"closed","ping_status":"open","sticky":false,"template":"","format":"standard","meta":{"_lmt_disableupdate":"","_lmt_disable":"","_jetpack_memberships_contains_paid_content":false,"footnotes":""},"categories":[109,51],"tags":[960],"class_list":["post-5433","post","type-post","status-publish","format-standard","has-post-thumbnail","hentry","category-minuto-a-minuto","category-zona-roja","tag-mototaxistas-agencia-dolores"],"jetpack_featured_media_url":"https:\/\/zonaroja.com.mx\/wp-content\/uploads\/2019\/11\/Mototaxis.jpg","jetpack_sharing_enabled":true,"_links":{"self":[{"href":"https:\/\/zonaroja.com.mx\/index.php?rest_route=\/wp\/v2\/posts\/5433","targetHints":{"allow":["GET"]}}],"collection":[{"href":"https:\/\/zonaroja.com.mx\/index.php?rest_route=\/wp\/v2\/posts"}],"about":[{"href":"https:\/\/zonaroja.com.mx\/index.php?rest_route=\/wp\/v2\/types\/post"}],"author":[{"embeddable":true,"href":"https:\/\/zonaroja.com.mx\/index.php?rest_route=\/wp\/v2\/users\/2"}],"replies":[{"embeddable":true,"href":"https:\/\/zonaroja.com.mx\/index.php?rest_route=%2Fwp%2Fv2%2Fcomments&post=5433"}],"version-history":[{"count":1,"href":"https:\/\/zonaroja.com.mx\/index.php?rest_route=\/wp\/v2\/posts\/5433\/revisions"}],"predecessor-version":[{"id":5435,"href":"https:\/\/zonaroja.com.mx\/index.php?rest_route=\/wp\/v2\/posts\/5433\/revisions\/5435"}],"wp:featuredmedia":[{"embeddable":true,"href":"https:\/\/zonaroja.com.mx\/index.php?rest_route=\/wp\/v2\/media\/5434"}],"wp:attachment":[{"href":"https:\/\/zonaroja.com.mx\/index.php?rest_route=%2Fwp%2Fv2%2Fmedia&parent=5433"}],"wp:term":[{"taxonomy":"category","embeddable":true,"href":"https:\/\/zonaroja.com.mx\/index.php?rest_route=%2Fwp%2Fv2%2Fcategories&post=5433"},{"taxonomy":"post_tag","embeddable":true,"href":"https:\/\/zonaroja.com.mx\/index.php?rest_route=%2Fwp%2Fv2%2Ftags&post=5433"}],"curies":[{"name":"wp","href":"https:\/\/api.w.org\/{rel}","templated":true}]}}